{"id":1221,"date":"2019-05-17T15:06:46","date_gmt":"2019-05-17T14:06:46","guid":{"rendered":"http:\/\/www.levingtdeux.com\/blog\/?p=1221"},"modified":"2019-07-13T17:12:43","modified_gmt":"2019-07-13T16:12:43","slug":"le-vignoble-du-muscadet","status":"publish","type":"post","link":"https:\/\/www.levingtdeux.com\/blog\/2019\/05\/17\/le-vignoble-du-muscadet\/","title":{"rendered":"Le Vignoble du Muscadet"},"content":{"rendered":"\n<p style=\"text-align:left\"><strong>Le vignoble de Muscadet <\/strong>se situe au sud de Nantes, \u00e0 l\u2019extr\u00e9mit\u00e9 Ouest de la Vall\u00e9e de la Loire. Le vignoble nantais est plac\u00e9 sur la m\u00eame latitude que la Champagne, la Bourgogne ou encore l\u2019Alsace. Sa proximit\u00e9 avec l\u2019Oc\u00e9an Atlantique et ses diff\u00e9rents Terroirs procurent \u00e0 ses vins une typicit\u00e9 particuli\u00e8re.<\/p>\n\n\n\n<p><strong>Le nom \u00ab\u00a0muscadet\u00a0\u00bb<\/strong> appara\u00eet pour la premi\u00e8re fois en 1635. Le melon de bourgogne, c\u00e9page blanc originaire de la r\u00e9gion \u00e9ponyme, appara\u00eet au XVIe si\u00e8cle. <strong>Les vins du muscadet sont les seuls au monde \u00e0 \u00eatre issus de ce c\u00e9page.<\/strong> Ce sont des vins qui, notamment gr\u00e2ce \u00e0 leur technique de vinification sur lie, leur \u00e9levage plus ou moins prolong\u00e9 et la diversit\u00e9 de leur terroir, permet d&rsquo;offrir une palette d&rsquo;ar\u00f4mes tr\u00e8s nuanc\u00e9s. Ces caract\u00e9ristiques agissent sur la structure du vin&nbsp;et son \u00e9panouissement au nez et en bouche.&nbsp;<\/p>\n\n\n\n<p><strong>On trouve plusieurs AOC Muscadet :<\/strong><\/p>\n\n\n\n<ul><li><strong>AOC Muscadet<\/strong><\/li><li><strong>AOC Muscadet<\/strong> C\u00f4tes de Grandlieu<\/li><li><strong>AOC Muscadet<\/strong> Coteaux de la Loire (Un cru communal \u00ab&nbsp;Champtoceaux&nbsp;\u00bb est en cours de reconnaissance<\/li><li><strong>AOC Muscadet<\/strong> S\u00e8vre et Maine<\/li><li><strong>AOC Muscadet<\/strong> S\u00e8vre et Maine \u00ab&nbsp;Cru Communal&nbsp;\u00bb (3 Crus et 7 en cours de reconnaissance)<\/li><\/ul>\n\n\n\n<p>Le <a href=\"https:\/\/www.levingtdeux.com\/5161_menard-gaborit\" target=\"_blank\" rel=\"noreferrer noopener\" aria-label=\"Domaine M\u00e9nard Gaborit (s\u2019ouvre dans un nouvel onglet)\">Domaine M\u00e9nard Gaborit<\/a> est une v\u00e9ritable histoire de famille car le domaine est implant\u00e9 depuis 1734. \u00catre vigneron, pour eux, c\u2019est un mode de vie&nbsp;!<\/p>\n\n\n\n<figure class=\"wp-block-image is-resized\"><img loading=\"lazy\" src=\"http:\/\/www.levingtdeux.com\/blog\/wp-content\/uploads\/2019\/05\/muscadet_menard_gaborit_famile.jpg\" alt=\"Famille Domaine Menard Gaborit Muscadet\" class=\"wp-image-1225\" width=\"580\" height=\"414\" srcset=\"https:\/\/www.levingtdeux.com\/blog\/wp-content\/uploads\/2019\/05\/muscadet_menard_gaborit_famile.jpg 350w, https:\/\/www.levingtdeux.com\/blog\/wp-content\/uploads\/2019\/05\/muscadet_menard_gaborit_famile-300x214.jpg 300w\" sizes=\"(max-width: 580px) 100vw, 580px\" \/><figcaption>Des femmes et des hommes passionn\u00e9s<\/figcaption><\/figure>\n\n\n\n<p>Le Domaine a toujours \u00e9t\u00e9 dynamique, en construisant une cave \u00e0 barriques d\u00e8s 1914, en d\u00e9cidant d\u2019embouteiller d\u00e8s 1947. <\/p>\n\n\n\n<div class=\"wp-block-image\"><figure class=\"aligncenter\"><img loading=\"lazy\" width=\"194\" height=\"700\" src=\"https:\/\/www.levingtdeux.com\/blog\/wp-content\/uploads\/2019\/05\/Menard_Gaborit_Muscadet_Cuvee_Prestige.jpg\" alt=\"\" class=\"wp-image-1226\" srcset=\"https:\/\/www.levingtdeux.com\/blog\/wp-content\/uploads\/2019\/05\/Menard_Gaborit_Muscadet_Cuvee_Prestige.jpg 194w, https:\/\/www.levingtdeux.com\/blog\/wp-content\/uploads\/2019\/05\/Menard_Gaborit_Muscadet_Cuvee_Prestige-83x300.jpg 83w, https:\/\/www.levingtdeux.com\/blog\/wp-content\/uploads\/2019\/05\/Menard_Gaborit_Muscadet_Cuvee_Prestige-166x600.jpg 166w\" sizes=\"(max-width: 194px) 100vw, 194px\" \/><\/figure><\/div>\n\n\n\n<p><em>Cette cuv\u00e9e identitaire du Domaine est issue d\u2019une d\u00e9gustation \u00e0 l\u2019aveugle de toutes nos cuves de Muscadet de l\u2019ann\u00e9e. Ne seront gard\u00e9es que les deux ou trois meilleures cuves aux caract\u00e9ristiques les plus repr\u00e9sentatives de nos parcelles et du mill\u00e9sime en cours<\/em>. <a href=\"https:\/\/www.levingtdeux.com\/muscadet-sevre-et-maine-sur-lie\/11297-muscadet-cuvee-prestige.html\" target=\"_blank\" rel=\"noreferrer noopener\" aria-label=\"Disponible sur le site du Vingt-Deux (s\u2019ouvre dans un nouvel onglet)\">Disponible sur le site du Vingt-Deux<\/a><\/p>\n\n\n\n<p>Aujourd\u2019hui, le domaine a une superficie totale de 70 hectares. Ils sont certifi\u00e9s HVE (Haute Valeur Environnementale) depuis 2015 et sont en conversion biologique. Leur premier mill\u00e9sime certifi\u00e9 bio sera 2020&nbsp;!<\/p>\n\n\n\n<div class=\"wp-block-image\"><figure class=\"aligncenter\"><img loading=\"lazy\" width=\"200\" height=\"700\" src=\"https:\/\/www.levingtdeux.com\/blog\/wp-content\/uploads\/2019\/05\/monnieres_saint_fiacre_menard_gaborit.jpg\" alt=\"\" class=\"wp-image-1227\" srcset=\"https:\/\/www.levingtdeux.com\/blog\/wp-content\/uploads\/2019\/05\/monnieres_saint_fiacre_menard_gaborit.jpg 200w, https:\/\/www.levingtdeux.com\/blog\/wp-content\/uploads\/2019\/05\/monnieres_saint_fiacre_menard_gaborit-86x300.jpg 86w, https:\/\/www.levingtdeux.com\/blog\/wp-content\/uploads\/2019\/05\/monnieres_saint_fiacre_menard_gaborit-171x600.jpg 171w\" sizes=\"(max-width: 200px) 100vw, 200px\" \/><figcaption> Un 100% melon de Bourgogne \u00e9rig\u00e9 en star du Muscadet de part ses s\u00e9lections extr\u00eamement pointues et son \u00e9levage sur Lie de 3 ans Minimum. <\/figcaption><\/figure><\/div>\n\n\n\n<p>Maxime sera pr\u00e9sent ce samedi 18 mai 2019 d\u00e8s 11h pour parler du domaine et faire d\u00e9guster 3 cuv\u00e9es. <\/p>\n\n\n\n<p>N\u2019h\u00e9sitez pas \u00e0 venir \u00e0 sa rencontre&nbsp;! <\/p>\n","protected":false},"excerpt":{"rendered":"<p>Le vignoble de Muscadet se situe au sud de Nantes, \u00e0 l\u2019extr\u00e9mit\u00e9 Ouest de la Vall\u00e9e de la Loire. Le vignoble nantais est plac\u00e9 sur la m\u00eame latitude que la Champagne, la Bourgogne ou encore l\u2019Alsace. Sa proximit\u00e9 avec l\u2019Oc\u00e9an&#8230;<\/p>\n","protected":false},"author":2,"featured_media":1222,"comment_status":"closed","ping_status":"closed","sticky":false,"template":"","format":"standard","meta":[],"categories":[9,62,10,59,64],"tags":[119,262,138,288,100,287,121,91,230,292,289],"yoast_head":"<!-- This site is optimized with the Yoast SEO plugin v16.7 - https:\/\/yoast.com\/wordpress\/plugins\/seo\/ -->\n<meta name=\"robots\" content=\"index, follow, max-snippet:-1, max-image-preview:large, max-video-preview:-1\" \/>\n<link rel=\"canonical\" href=\"https:\/\/www.levingtdeux.com\/blog\/2019\/05\/17\/le-vignoble-du-muscadet\/\" \/>\n<meta property=\"og:locale\" content=\"fr_FR\" \/>\n<meta property=\"og:type\" content=\"article\" \/>\n<meta property=\"og:title\" content=\"Le Vignoble du Muscadet - Levingtdeux-Blog\" \/>\n<meta property=\"og:description\" content=\"Le vignoble de Muscadet se situe au sud de Nantes, \u00e0 l\u2019extr\u00e9mit\u00e9 Ouest de la Vall\u00e9e de la Loire. Le vignoble nantais est plac\u00e9 sur la m\u00eame latitude que la Champagne, la Bourgogne ou encore l\u2019Alsace. Sa proximit\u00e9 avec l\u2019Oc\u00e9an...\" \/>\n<meta property=\"og:url\" content=\"https:\/\/www.levingtdeux.com\/blog\/2019\/05\/17\/le-vignoble-du-muscadet\/\" \/>\n<meta property=\"og:site_name\" content=\"Levingtdeux-Blog\" \/>\n<meta property=\"article:published_time\" content=\"2019-05-17T14:06:46+00:00\" \/>\n<meta property=\"article:modified_time\" content=\"2019-07-13T16:12:43+00:00\" \/>\n<meta property=\"og:image\" content=\"http:\/\/www.levingtdeux.com\/blog\/wp-content\/uploads\/2019\/05\/carte_muscadet_vins_loire.jpg\" \/>\n\t<meta property=\"og:image:width\" content=\"1024\" \/>\n\t<meta property=\"og:image:height\" content=\"721\" \/>\n<meta name=\"twitter:card\" content=\"summary_large_image\" \/>\n<meta name=\"twitter:label1\" content=\"\u00c9crit par\" \/>\n\t<meta name=\"twitter:data1\" content=\"vingtdeux-blog\" \/>\n\t<meta name=\"twitter:label2\" content=\"Dur\u00e9e de lecture est.\" \/>\n\t<meta name=\"twitter:data2\" content=\"2 minutes\" \/>\n<script type=\"application\/ld+json\" class=\"yoast-schema-graph\">{\"@context\":\"https:\/\/schema.org\",\"@graph\":[{\"@type\":\"WebSite\",\"@id\":\"https:\/\/www.levingtdeux.com\/blog\/#website\",\"url\":\"https:\/\/www.levingtdeux.com\/blog\/\",\"name\":\"Levingtdeux-Blog\",\"description\":\"Du vin, du vin, mais pas que\",\"potentialAction\":[{\"@type\":\"SearchAction\",\"target\":{\"@type\":\"EntryPoint\",\"urlTemplate\":\"https:\/\/www.levingtdeux.com\/blog\/?s={search_term_string}\"},\"query-input\":\"required name=search_term_string\"}],\"inLanguage\":\"fr-FR\"},{\"@type\":\"ImageObject\",\"@id\":\"https:\/\/www.levingtdeux.com\/blog\/2019\/05\/17\/le-vignoble-du-muscadet\/#primaryimage\",\"inLanguage\":\"fr-FR\",\"url\":\"https:\/\/www.levingtdeux.com\/blog\/wp-content\/uploads\/2019\/05\/carte_muscadet_vins_loire.jpg\",\"contentUrl\":\"https:\/\/www.levingtdeux.com\/blog\/wp-content\/uploads\/2019\/05\/carte_muscadet_vins_loire.jpg\",\"width\":1024,\"height\":721,\"caption\":\"Le Muscadet se situe au sud de Nantes\"},{\"@type\":\"WebPage\",\"@id\":\"https:\/\/www.levingtdeux.com\/blog\/2019\/05\/17\/le-vignoble-du-muscadet\/#webpage\",\"url\":\"https:\/\/www.levingtdeux.com\/blog\/2019\/05\/17\/le-vignoble-du-muscadet\/\",\"name\":\"Le Vignoble du Muscadet - Levingtdeux-Blog\",\"isPartOf\":{\"@id\":\"https:\/\/www.levingtdeux.com\/blog\/#website\"},\"primaryImageOfPage\":{\"@id\":\"https:\/\/www.levingtdeux.com\/blog\/2019\/05\/17\/le-vignoble-du-muscadet\/#primaryimage\"},\"datePublished\":\"2019-05-17T14:06:46+00:00\",\"dateModified\":\"2019-07-13T16:12:43+00:00\",\"author\":{\"@id\":\"https:\/\/www.levingtdeux.com\/blog\/#\/schema\/person\/a5c9f4acebe25ce55b30427751338b38\"},\"breadcrumb\":{\"@id\":\"https:\/\/www.levingtdeux.com\/blog\/2019\/05\/17\/le-vignoble-du-muscadet\/#breadcrumb\"},\"inLanguage\":\"fr-FR\",\"potentialAction\":[{\"@type\":\"ReadAction\",\"target\":[\"https:\/\/www.levingtdeux.com\/blog\/2019\/05\/17\/le-vignoble-du-muscadet\/\"]}]},{\"@type\":\"BreadcrumbList\",\"@id\":\"https:\/\/www.levingtdeux.com\/blog\/2019\/05\/17\/le-vignoble-du-muscadet\/#breadcrumb\",\"itemListElement\":[{\"@type\":\"ListItem\",\"position\":1,\"name\":\"Accueil\",\"item\":\"https:\/\/www.levingtdeux.com\/blog\/\"},{\"@type\":\"ListItem\",\"position\":2,\"name\":\"Le Vignoble du Muscadet\"}]},{\"@type\":\"Person\",\"@id\":\"https:\/\/www.levingtdeux.com\/blog\/#\/schema\/person\/a5c9f4acebe25ce55b30427751338b38\",\"name\":\"vingtdeux-blog\",\"image\":{\"@type\":\"ImageObject\",\"@id\":\"https:\/\/www.levingtdeux.com\/blog\/#personlogo\",\"inLanguage\":\"fr-FR\",\"url\":\"https:\/\/secure.gravatar.com\/avatar\/0b5e4e051b2d32231957d8f48ad26068?s=96&d=mm&r=g\",\"contentUrl\":\"https:\/\/secure.gravatar.com\/avatar\/0b5e4e051b2d32231957d8f48ad26068?s=96&d=mm&r=g\",\"caption\":\"vingtdeux-blog\"},\"sameAs\":[\"http:\/\/www.levingtdeux.com\"],\"url\":\"https:\/\/www.levingtdeux.com\/blog\/author\/vingtdeux-blog\/\"}]}<\/script>\n<!-- \/ Yoast SEO plugin. -->","yoast_head_json":{"robots":{"index":"index","follow":"follow","max-snippet":"max-snippet:-1","max-image-preview":"max-image-preview:large","max-video-preview":"max-video-preview:-1"},"canonical":"https:\/\/www.levingtdeux.com\/blog\/2019\/05\/17\/le-vignoble-du-muscadet\/","og_locale":"fr_FR","og_type":"article","og_title":"Le Vignoble du Muscadet - Levingtdeux-Blog","og_description":"Le vignoble de Muscadet se situe au sud de Nantes, \u00e0 l\u2019extr\u00e9mit\u00e9 Ouest de la Vall\u00e9e de la Loire. Le vignoble nantais est plac\u00e9 sur la m\u00eame latitude que la Champagne, la Bourgogne ou encore l\u2019Alsace. Sa proximit\u00e9 avec l\u2019Oc\u00e9an...","og_url":"https:\/\/www.levingtdeux.com\/blog\/2019\/05\/17\/le-vignoble-du-muscadet\/","og_site_name":"Levingtdeux-Blog","article_published_time":"2019-05-17T14:06:46+00:00","article_modified_time":"2019-07-13T16:12:43+00:00","og_image":[{"width":1024,"height":721,"url":"http:\/\/www.levingtdeux.com\/blog\/wp-content\/uploads\/2019\/05\/carte_muscadet_vins_loire.jpg","path":"\/opt\/levingtdeux.com\/home\/levingtdeux\/blog\/wp-content\/uploads\/2019\/05\/carte_muscadet_vins_loire.jpg","size":"full","id":1222,"alt":"","pixels":738304,"type":"image\/jpeg"}],"twitter_card":"summary_large_image","twitter_misc":{"\u00c9crit par":"vingtdeux-blog","Dur\u00e9e de lecture est.":"2 minutes"},"schema":{"@context":"https:\/\/schema.org","@graph":[{"@type":"WebSite","@id":"https:\/\/www.levingtdeux.com\/blog\/#website","url":"https:\/\/www.levingtdeux.com\/blog\/","name":"Levingtdeux-Blog","description":"Du vin, du vin, mais pas que","potentialAction":[{"@type":"SearchAction","target":{"@type":"EntryPoint","urlTemplate":"https:\/\/www.levingtdeux.com\/blog\/?s={search_term_string}"},"query-input":"required name=search_term_string"}],"inLanguage":"fr-FR"},{"@type":"ImageObject","@id":"https:\/\/www.levingtdeux.com\/blog\/2019\/05\/17\/le-vignoble-du-muscadet\/#primaryimage","inLanguage":"fr-FR","url":"https:\/\/www.levingtdeux.com\/blog\/wp-content\/uploads\/2019\/05\/carte_muscadet_vins_loire.jpg","contentUrl":"https:\/\/www.levingtdeux.com\/blog\/wp-content\/uploads\/2019\/05\/carte_muscadet_vins_loire.jpg","width":1024,"height":721,"caption":"Le Muscadet se situe au sud de Nantes"},{"@type":"WebPage","@id":"https:\/\/www.levingtdeux.com\/blog\/2019\/05\/17\/le-vignoble-du-muscadet\/#webpage","url":"https:\/\/www.levingtdeux.com\/blog\/2019\/05\/17\/le-vignoble-du-muscadet\/","name":"Le Vignoble du Muscadet - Levingtdeux-Blog","isPartOf":{"@id":"https:\/\/www.levingtdeux.com\/blog\/#website"},"primaryImageOfPage":{"@id":"https:\/\/www.levingtdeux.com\/blog\/2019\/05\/17\/le-vignoble-du-muscadet\/#primaryimage"},"datePublished":"2019-05-17T14:06:46+00:00","dateModified":"2019-07-13T16:12:43+00:00","author":{"@id":"https:\/\/www.levingtdeux.com\/blog\/#\/schema\/person\/a5c9f4acebe25ce55b30427751338b38"},"breadcrumb":{"@id":"https:\/\/www.levingtdeux.com\/blog\/2019\/05\/17\/le-vignoble-du-muscadet\/#breadcrumb"},"inLanguage":"fr-FR","potentialAction":[{"@type":"ReadAction","target":["https:\/\/www.levingtdeux.com\/blog\/2019\/05\/17\/le-vignoble-du-muscadet\/"]}]},{"@type":"BreadcrumbList","@id":"https:\/\/www.levingtdeux.com\/blog\/2019\/05\/17\/le-vignoble-du-muscadet\/#breadcrumb","itemListElement":[{"@type":"ListItem","position":1,"name":"Accueil","item":"https:\/\/www.levingtdeux.com\/blog\/"},{"@type":"ListItem","position":2,"name":"Le Vignoble du Muscadet"}]},{"@type":"Person","@id":"https:\/\/www.levingtdeux.com\/blog\/#\/schema\/person\/a5c9f4acebe25ce55b30427751338b38","name":"vingtdeux-blog","image":{"@type":"ImageObject","@id":"https:\/\/www.levingtdeux.com\/blog\/#personlogo","inLanguage":"fr-FR","url":"https:\/\/secure.gravatar.com\/avatar\/0b5e4e051b2d32231957d8f48ad26068?s=96&d=mm&r=g","contentUrl":"https:\/\/secure.gravatar.com\/avatar\/0b5e4e051b2d32231957d8f48ad26068?s=96&d=mm&r=g","caption":"vingtdeux-blog"},"sameAs":["http:\/\/www.levingtdeux.com"],"url":"https:\/\/www.levingtdeux.com\/blog\/author\/vingtdeux-blog\/"}]}},"_links":{"self":[{"href":"https:\/\/www.levingtdeux.com\/blog\/wp-json\/wp\/v2\/posts\/1221"}],"collection":[{"href":"https:\/\/www.levingtdeux.com\/blog\/wp-json\/wp\/v2\/posts"}],"about":[{"href":"https:\/\/www.levingtdeux.com\/blog\/wp-json\/wp\/v2\/types\/post"}],"author":[{"embeddable":true,"href":"https:\/\/www.levingtdeux.com\/blog\/wp-json\/wp\/v2\/users\/2"}],"replies":[{"embeddable":true,"href":"https:\/\/www.levingtdeux.com\/blog\/wp-json\/wp\/v2\/comments?post=1221"}],"version-history":[{"count":9,"href":"https:\/\/www.levingtdeux.com\/blog\/wp-json\/wp\/v2\/posts\/1221\/revisions"}],"predecessor-version":[{"id":1283,"href":"https:\/\/www.levingtdeux.com\/blog\/wp-json\/wp\/v2\/posts\/1221\/revisions\/1283"}],"wp:featuredmedia":[{"embeddable":true,"href":"https:\/\/www.levingtdeux.com\/blog\/wp-json\/wp\/v2\/media\/1222"}],"wp:attachment":[{"href":"https:\/\/www.levingtdeux.com\/blog\/wp-json\/wp\/v2\/media?parent=1221"}],"wp:term":[{"taxonomy":"category","embeddable":true,"href":"https:\/\/www.levingtdeux.com\/blog\/wp-json\/wp\/v2\/categories?post=1221"},{"taxonomy":"post_tag","embeddable":true,"href":"https:\/\/www.levingtdeux.com\/blog\/wp-json\/wp\/v2\/tags?post=1221"}],"curies":[{"name":"wp","href":"https:\/\/api.w.org\/{rel}","templated":true}]}}