{"id":2062,"date":"2020-06-24T13:00:00","date_gmt":"2020-06-24T12:00:00","guid":{"rendered":"http:\/\/www.levingtdeux.com\/blog\/?p=2062"},"modified":"2020-06-24T13:57:08","modified_gmt":"2020-06-24T12:57:08","slug":"du-chardo-cest-tout-ce-quil-me-faut-zoom-sur-le-fameux-cepage-chardonnay-par-aurelia-reis","status":"publish","type":"post","link":"https:\/\/www.levingtdeux.com\/blog\/2020\/06\/24\/du-chardo-cest-tout-ce-quil-me-faut-zoom-sur-le-fameux-cepage-chardonnay-par-aurelia-reis\/","title":{"rendered":"\u00ab Du Chardo c&rsquo;est tout ce qu&rsquo;il me faut \u00bb Zoom sur le fameux c\u00e9page Chardonnay, par Aur\u00e9lia Reis"},"content":{"rendered":"\n<p><strong>\u00ab Un verre de chardonnay s\u2019il vous pla\u00eet \u00bb. Cette phrase, si souvent entendue dans les restaurants et les bars, est bien repr\u00e9sentative de la cote de ce c\u00e9page embl\u00e9matique en France et dans le monde entier.&nbsp; Originaire du vignoble de Bourgogne, il est devenu un c\u00e9page international ayant conquis de tr\u00e8s nombreux pays producteurs de vin du monde. Facile \u00e0 cultiver, \u00e9quilibr\u00e9 et tr\u00e8s aromatique, ses qualit\u00e9s le font utiliser pour de nombreux types de vin blanc, des grands crus de Bourgogne aux vins effervescents de champagne en passant par les vins de c\u00e9pages. Revenons sur l\u2019un des c\u00e9pages les plus connus des amateurs de vin.<\/strong><\/p>\n\n\n\n<!--more-->\n\n\n\n<div style=\"height:20px\" aria-hidden=\"true\" class=\"wp-block-spacer\"><\/div>\n\n\n\n<p><strong>Histoire et Origine<\/strong><\/p>\n\n\n\n<p>Le <a href=\"https:\/\/www.levingtdeux.com\/recherche?controller=search&amp;orderby=price&amp;orderway=asc&amp;search_query=chardonnay\">Chardonnay<\/a> fait partie de la famille des Noiriens. Il est ainsi le descendant naturel et direct du Pinot Noir, coupl\u00e9 avec un autre c\u00e9page ancien : le Gouais Blanc.<\/p>\n\n\n\n<p>Le Chardonnay est connu depuis fort longtemps, d\u00e9crit sous des formes diff\u00e9rentes qui le font ressembler au pinot noir N ou au melon de Bourgogne B. C&rsquo;est Pierre Galet en 1958 qui a permis de les diff\u00e9rencier d\u00e9finitivement du pinot blanc B par sa m\u00e9thode amp\u00e9lographique, cette derni\u00e8re en faisant un c\u00e9page \u00e0 part enti\u00e8re.<\/p>\n\n\n\n<p>Le village viticole de Chardonnay du vignoble du M\u00e2connais en <a href=\"https:\/\/www.levingtdeux.com\/2380-bourgogne\">Bourgogne<\/a> est probablement le berceau historique de ce c\u00e9page mais d&rsquo;autres histoires content son arriv\u00e9e avec les croisades.<\/p>\n\n\n\n<div style=\"height:20px\" aria-hidden=\"true\" class=\"wp-block-spacer\"><\/div>\n\n\n\n<p><strong>A la vigne<\/strong><\/p>\n\n\n\n<p>Le <a href=\"https:\/\/www.levingtdeux.com\/recherche?controller=search&amp;orderby=price&amp;orderway=asc&amp;search_query=chardonnay\">Chardonnay<\/a> est un c\u00e9page relativement pr\u00e9coce c&rsquo;est \u00e0 dire qu&rsquo;il m\u00fbrit assez t\u00f4t. Tout comme son p\u00e8re le Pinot Noir, il craint les gel\u00e9es printani\u00e8res. Il craint aussi les sols trop fertiles, provoquant un exc\u00e8s de v\u00e9g\u00e9tation, qui peut entra\u00eener l\u2019apparition de pourriture grise. C\u2019est pourquoi il appr\u00e9cie les sols calcaires ou marneux, qui sont au contraire, peu fertiles.<\/p>\n\n\n\n<p>Le Chardonnay a de petites grappes allong\u00e9es. Ses grains, a\u00e9r\u00e9s et espac\u00e9s, se teintent d\u2019une magnifique couleur dor\u00e9e lors de la v\u00e9raison. Ils produisent un jus tr\u00e8s sucr\u00e9 et assez abondant.<\/p>\n\n\n\n<div style=\"height:20px\" aria-hidden=\"true\" class=\"wp-block-spacer\"><\/div>\n\n\n\n<p><strong>Ici mieux qu&rsquo;ailleurs&nbsp;?<\/strong><\/p>\n\n\n\n<p>Le Chardonnay est aujourd\u2019hui l\u2019un des c\u00e9pages les plus plant\u00e9s au monde. Bien qu&rsquo;il s\u2019adapte facilement \u00e0 son environnement, c\u2019est sur les calcaires marneux (argile + calcaire) comme en Bourgogne que le Chardonnay se pla\u00eet le plus et offre toute sa majest\u00e9. En France, c&rsquo;est l&rsquo;un des principaux c\u00e9pages des appellations d&rsquo;origines contr\u00f4l\u00e9es&nbsp;:<\/p>\n\n\n\n<ul><li><strong>En <\/strong><a href=\"https:\/\/www.levingtdeux.com\/2387-champagne\"><strong>Champagne<\/strong><\/a>, il peut-\u00eatre assembler avec le Pinot Noir et le Pinot Meunier pour produire des champagnes brut classiques. Mais on retrouve encore plus son expression dans les champagnes blanc de blancs comme le <a href=\"https:\/\/www.levingtdeux.com\/champagne\/12739-champagne-brut-nature-blanc-de-blancs-vieilles-vignes.html\">CHAMPAGNE BRUT NATURE BLANC DE BLANCS VIEILLES VIGNES \u2013 2014 de FRANCIS BOULARD ET FILLE<\/a> aux notes envo\u00fbtantes d\u2019acacia et de zestes d&rsquo;agrumes.<\/li><\/ul>\n\n\n\n<div style=\"height:20px\" aria-hidden=\"true\" class=\"wp-block-spacer\"><\/div>\n\n\n\n<div class=\"wp-block-image\"><figure class=\"alignright size-large is-resized\"><img loading=\"lazy\" src=\"https:\/\/www.levingtdeux.com\/blog\/wp-content\/uploads\/2020\/06\/9a4ac6fde2786dc056cec7a4f1cc63b2.jpg\" alt=\"\" class=\"wp-image-2067\" width=\"243\" height=\"370\" srcset=\"https:\/\/www.levingtdeux.com\/blog\/wp-content\/uploads\/2020\/06\/9a4ac6fde2786dc056cec7a4f1cc63b2.jpg 294w, https:\/\/www.levingtdeux.com\/blog\/wp-content\/uploads\/2020\/06\/9a4ac6fde2786dc056cec7a4f1cc63b2-197x300.jpg 197w\" sizes=\"(max-width: 243px) 100vw, 243px\" \/><\/figure><\/div>\n\n\n\n<ul><li><strong>En <\/strong><a href=\"https:\/\/www.levingtdeux.com\/2380-bourgogne\"><strong>Bourgogne<\/strong><\/a>, on distingue souvent 3 styles de Chardonnay&nbsp;:<ul><li>De par son terroir, <a href=\"https:\/\/www.levingtdeux.com\/2380-bourgogne#s[11][]:1534&amp;s[4][]:117&amp;s[6][]:&amp;s[20][]:4541&amp;ash[20][]:4541&amp;rg:&amp;sid:2&amp;h:leftColumn&amp;ics:2380&amp;as4_base_selection:YToxOntpOjA7aToxNTM0O30:\">Chablis<\/a> offre des vins tendus, frais et min\u00e9raux. Au nez, les vins de <a href=\"https:\/\/www.levingtdeux.com\/2380-bourgogne#s[11][]:1534&amp;s[4][]:117&amp;s[6][]:&amp;s[20][]:4541&amp;ash[20][]:4541&amp;rg:&amp;sid:2&amp;h:leftColumn&amp;ics:2380&amp;as4_base_selection:YToxOntpOjA7aToxNTM0O30:\">Chablis<\/a> exaltent de d\u00e9licates notes d\u2019agrumes, de pomme verte, de silex ou d\u2019acacia pour les plus complexes d\u2019entre eux. Les appellations Chablis Premier Cru et Chablis Grand Cru, d\u00e9veloppent des ar\u00f4mes tout en finesse et en subtilit\u00e9 (fleurs, de fruits secs, miel&#8230;). La bouche est plus onctueuse et plus complexe.<\/li><\/ul><ul><li>Sur la <a href=\"https:\/\/www.levingtdeux.com\/2380-bourgogne#s[11][]:1534&amp;s[5][]:1&amp;s[4][]:101&amp;s[4][]:128&amp;s[4][]:5089&amp;s[4][]:211&amp;s[4][]:256&amp;s[6][]:&amp;s[20][]:4541&amp;ash[20][]:4541&amp;rg:&amp;sid:2&amp;h:leftColumn&amp;ics:2380&amp;as4_base_selection:YToxOntpOjA7aToxNTM0O30:\">C\u00f4te de Beaune<\/a>, les vins se parent d\u2019une robe aux reflets dor\u00e9s plus soutenus. Au nez, les ar\u00f4mes intenses de fruits \u00e0 chair blanche dominent, accompagn\u00e9s de notes florales, lact\u00e9es et bois\u00e9es. Apr\u00e8s quelques ann\u00e9es, des notes de miel et de fruits secs apparaissent. En bouche, ils sont amples, ronds et puissants. Les Grands Crus de la <a href=\"https:\/\/www.levingtdeux.com\/2380-bourgogne#s[11][]:1534&amp;s[5][]:1&amp;s[4][]:101&amp;s[4][]:128&amp;s[4][]:5089&amp;s[4][]:211&amp;s[4][]:256&amp;s[6][]:&amp;s[20][]:4541&amp;ash[20][]:4541&amp;rg:&amp;sid:2&amp;h:leftColumn&amp;ics:2380&amp;as4_base_selection:YToxOntpOjA7aToxNTM0O30:\">C\u00f4te de Beaune<\/a> offrent une intensit\u00e9 aromatique et une longueur en bouche sans \u00e9quivalent.<\/li><\/ul><ul><li>Plus au sud, le <a href=\"https:\/\/www.levingtdeux.com\/2380-bourgogne#s[11][]:1534&amp;s[5][]:1&amp;s[4][]:247&amp;s[4][]:6495&amp;s[6][]:&amp;s[20][]:4541&amp;ash[20][]:4541&amp;rg:&amp;sid:2&amp;h:leftColumn&amp;ics:2380&amp;as4_base_selection:YToxOntpOjA7aToxNTM0O30:\">M\u00e2connais<\/a> produit des vins au nez de fruits frais et de fruits secs. En bouche, ils sont tendres, souples et fruit\u00e9s.<\/li><\/ul><\/li><\/ul>\n\n\n\n<ul><li>Dans la <a href=\"https:\/\/www.levingtdeux.com\/2389-val-de-loire\">vall\u00e9e de la Loire<\/a>, on le retrouve notamment dans en Auvergne, travaill\u00e9 sur des terroirs volcaniques et granitiques, par exemple par le <a href=\"https:\/\/www.levingtdeux.com\/cotes-d-auvergne\/12930-cotes-d-auvergne-blanc.html\">domaine Miolanne<\/a>. Dans le <a href=\"https:\/\/www.levingtdeux.com\/2417-jura\">Jura<\/a>, le chardonnay se montrera plus riche et plus typ\u00e9 avec parfois des notes oxydatives comme <a href=\"https:\/\/www.levingtdeux.com\/cotes-du-jura\/11207-cotes-du-jura-blanc.html\">C\u00f4tes du Jura 2010 de Jean Bourdy<\/a>.<\/li><li>Mais on retrouve aussi le Chardonnay dans le vignoble du Languedoc \u00e0 Limoux et dans celui du vignoble du Sud-Ouest en vin de pays.<\/li><\/ul>\n\n\n\n<p>Dans le monde, il est cultiv\u00e9 en Europe&nbsp;: Allemagne, Suisse, Autriche et Italie du Nord.<\/p>\n\n\n\n<p>En Am\u00e9rique, on le retrouve sur plus de 25 000 ha aux \u00c9tats-Unis (Californie essentiellement), mais aussi en Argentine, au Canada ou au Chili. En Australie, il occupe plus de 5 000 ha, notamment sur les zones d&rsquo;Adelaide Hills, Margaret River ou Yarra Valley. En Afrique de Sud, il repr\u00e9sente 7 665 ha de culture en 2013 essentiellement dans la r\u00e9gion du Cap. La Nouvelle-Z\u00e9lande produit de grands vins \u00e0 base de chardonnay dans les r\u00e9gions de Gisborne ou Hawke&rsquo;s Bay. Pour conclure, presque tous les pays viticoles l&rsquo;ont essay\u00e9 et adopt\u00e9.<\/p>\n\n\n\n<div style=\"height:20px\" aria-hidden=\"true\" class=\"wp-block-spacer\"><\/div>\n\n\n\n<p><strong>Quand je le d\u00e9guste&#8230;<\/strong><\/p>\n\n\n\n<p>Interpr\u00e8te du terroir par excellence, le Chardonnay peut donner des vins tr\u00e8s diff\u00e9rents mais avec quelques points communs&nbsp;: ampleur, \u00e9l\u00e9gance, ar\u00f4mes fins et fruit\u00e9s. Les ar\u00f4mes varient selon les terroirs et le type d\u2019\u00e9levage : pierre \u00e0 fusil, fruits blancs et jaunes (poire, p\u00eache), fruits exotiques (litchi, mangue, ananas\u2026), agrumes (citron vert, zestes d\u2019orange\u2026), pain grill\u00e9, brioche, noisette, miel, beurre, vanille, cannelle, acacia, lilas, poivre blanc\u2026<\/p>\n\n\n\n<div style=\"height:20px\" aria-hidden=\"true\" class=\"wp-block-spacer\"><\/div>\n\n\n\n<p><strong>&#8230;et que je mange avec<\/strong><\/p>\n\n\n\n<p>La d\u00e9licatesse et la gourmandise des vins de Chardonnay nous emm\u00e8ne vers des plats sur la finesse&nbsp;:<\/p>\n\n\n\n<ul><li>coquillages et crustac\u00e9s avec un chardonnay sur la puret\u00e9 et la salinit\u00e9 comme le <a href=\"https:\/\/www.levingtdeux.com\/chablis\/9500-chablis-troesmes.html\">Chablis Troesme de Pommier.<\/a><\/li><li>poissons fins, par exemple une sole meuni\u00e8re pour accompagner la bouche voluptueuse et les ar\u00f4mes beurr\u00e9s du <a href=\"https:\/\/www.levingtdeux.com\/marsannay\/12773-marsannay-blanc-le-clos.html\">Marsannay Le Clos de Ren\u00e9 Bouvier<\/a><\/li><li>viandes blanches simplement cuisin\u00e9es ou au contraire de haute vol\u00e9e comme des ris de veau aux morilles avec le magnifique <a href=\"https:\/\/www.levingtdeux.com\/champagne\/11827-champagne-blanc-des-millenaires-blanc-de-blancs.html\">Champagne \u00ab&nbsp;blanc des mill\u00e9naires&nbsp;\u00bb 2004 Heidsieck.<\/a><\/li><\/ul>\n","protected":false},"excerpt":{"rendered":"<p>\u00ab Un verre de chardonnay s\u2019il vous pla\u00eet \u00bb. Cette phrase, si souvent entendue dans les restaurants et les bars, est bien repr\u00e9sentative de la cote de ce c\u00e9page embl\u00e9matique en France et dans le monde entier.&nbsp; Originaire du vignoble&#8230;<\/p>\n","protected":false},"author":2,"featured_media":2075,"comment_status":"closed","ping_status":"closed","sticky":false,"template":"","format":"standard","meta":[],"categories":[59,64],"tags":[],"yoast_head":"<!-- This site is optimized with the Yoast SEO plugin v16.7 - https:\/\/yoast.com\/wordpress\/plugins\/seo\/ -->\n<meta name=\"robots\" content=\"index, follow, max-snippet:-1, max-image-preview:large, max-video-preview:-1\" \/>\n<link rel=\"canonical\" href=\"https:\/\/www.levingtdeux.com\/blog\/2020\/06\/24\/du-chardo-cest-tout-ce-quil-me-faut-zoom-sur-le-fameux-cepage-chardonnay-par-aurelia-reis\/\" \/>\n<meta property=\"og:locale\" content=\"fr_FR\" \/>\n<meta property=\"og:type\" content=\"article\" \/>\n<meta property=\"og:title\" content=\"\u00ab Du Chardo c&#039;est tout ce qu&#039;il me faut \u00bb Zoom sur le fameux c\u00e9page Chardonnay, par Aur\u00e9lia Reis - Levingtdeux-Blog\" \/>\n<meta property=\"og:description\" content=\"\u00ab Un verre de chardonnay s\u2019il vous pla\u00eet \u00bb. Cette phrase, si souvent entendue dans les restaurants et les bars, est bien repr\u00e9sentative de la cote de ce c\u00e9page embl\u00e9matique en France et dans le monde entier.&nbsp; Originaire du vignoble...\" \/>\n<meta property=\"og:url\" content=\"https:\/\/www.levingtdeux.com\/blog\/2020\/06\/24\/du-chardo-cest-tout-ce-quil-me-faut-zoom-sur-le-fameux-cepage-chardonnay-par-aurelia-reis\/\" \/>\n<meta property=\"og:site_name\" content=\"Levingtdeux-Blog\" \/>\n<meta property=\"article:published_time\" content=\"2020-06-24T12:00:00+00:00\" \/>\n<meta property=\"article:modified_time\" content=\"2020-06-24T12:57:08+00:00\" \/>\n<meta property=\"og:image\" content=\"http:\/\/www.levingtdeux.com\/blog\/wp-content\/uploads\/2020\/06\/raisin.jpg\" \/>\n\t<meta property=\"og:image:width\" content=\"1220\" \/>\n\t<meta property=\"og:image:height\" content=\"810\" \/>\n<meta name=\"twitter:card\" content=\"summary_large_image\" \/>\n<meta name=\"twitter:label1\" content=\"\u00c9crit par\" \/>\n\t<meta name=\"twitter:data1\" content=\"vingtdeux-blog\" \/>\n\t<meta name=\"twitter:label2\" content=\"Dur\u00e9e de lecture est.\" \/>\n\t<meta name=\"twitter:data2\" content=\"5 minutes\" \/>\n<script type=\"application\/ld+json\" class=\"yoast-schema-graph\">{\"@context\":\"https:\/\/schema.org\",\"@graph\":[{\"@type\":\"WebSite\",\"@id\":\"https:\/\/www.levingtdeux.com\/blog\/#website\",\"url\":\"https:\/\/www.levingtdeux.com\/blog\/\",\"name\":\"Levingtdeux-Blog\",\"description\":\"Du vin, du vin, mais pas que\",\"potentialAction\":[{\"@type\":\"SearchAction\",\"target\":{\"@type\":\"EntryPoint\",\"urlTemplate\":\"https:\/\/www.levingtdeux.com\/blog\/?s={search_term_string}\"},\"query-input\":\"required name=search_term_string\"}],\"inLanguage\":\"fr-FR\"},{\"@type\":\"ImageObject\",\"@id\":\"https:\/\/www.levingtdeux.com\/blog\/2020\/06\/24\/du-chardo-cest-tout-ce-quil-me-faut-zoom-sur-le-fameux-cepage-chardonnay-par-aurelia-reis\/#primaryimage\",\"inLanguage\":\"fr-FR\",\"url\":\"https:\/\/www.levingtdeux.com\/blog\/wp-content\/uploads\/2020\/06\/raisin.jpg\",\"contentUrl\":\"https:\/\/www.levingtdeux.com\/blog\/wp-content\/uploads\/2020\/06\/raisin.jpg\",\"width\":1220,\"height\":810},{\"@type\":\"WebPage\",\"@id\":\"https:\/\/www.levingtdeux.com\/blog\/2020\/06\/24\/du-chardo-cest-tout-ce-quil-me-faut-zoom-sur-le-fameux-cepage-chardonnay-par-aurelia-reis\/#webpage\",\"url\":\"https:\/\/www.levingtdeux.com\/blog\/2020\/06\/24\/du-chardo-cest-tout-ce-quil-me-faut-zoom-sur-le-fameux-cepage-chardonnay-par-aurelia-reis\/\",\"name\":\"\\u00ab Du Chardo c'est tout ce qu'il me faut \\u00bb Zoom sur le fameux c\\u00e9page Chardonnay, par Aur\\u00e9lia Reis - Levingtdeux-Blog\",\"isPartOf\":{\"@id\":\"https:\/\/www.levingtdeux.com\/blog\/#website\"},\"primaryImageOfPage\":{\"@id\":\"https:\/\/www.levingtdeux.com\/blog\/2020\/06\/24\/du-chardo-cest-tout-ce-quil-me-faut-zoom-sur-le-fameux-cepage-chardonnay-par-aurelia-reis\/#primaryimage\"},\"datePublished\":\"2020-06-24T12:00:00+00:00\",\"dateModified\":\"2020-06-24T12:57:08+00:00\",\"author\":{\"@id\":\"https:\/\/www.levingtdeux.com\/blog\/#\/schema\/person\/a5c9f4acebe25ce55b30427751338b38\"},\"breadcrumb\":{\"@id\":\"https:\/\/www.levingtdeux.com\/blog\/2020\/06\/24\/du-chardo-cest-tout-ce-quil-me-faut-zoom-sur-le-fameux-cepage-chardonnay-par-aurelia-reis\/#breadcrumb\"},\"inLanguage\":\"fr-FR\",\"potentialAction\":[{\"@type\":\"ReadAction\",\"target\":[\"https:\/\/www.levingtdeux.com\/blog\/2020\/06\/24\/du-chardo-cest-tout-ce-quil-me-faut-zoom-sur-le-fameux-cepage-chardonnay-par-aurelia-reis\/\"]}]},{\"@type\":\"BreadcrumbList\",\"@id\":\"https:\/\/www.levingtdeux.com\/blog\/2020\/06\/24\/du-chardo-cest-tout-ce-quil-me-faut-zoom-sur-le-fameux-cepage-chardonnay-par-aurelia-reis\/#breadcrumb\",\"itemListElement\":[{\"@type\":\"ListItem\",\"position\":1,\"name\":\"Accueil\",\"item\":\"https:\/\/www.levingtdeux.com\/blog\/\"},{\"@type\":\"ListItem\",\"position\":2,\"name\":\"\\u00ab Du Chardo c&rsquo;est tout ce qu&rsquo;il me faut \\u00bb Zoom sur le fameux c\\u00e9page Chardonnay, par Aur\\u00e9lia Reis\"}]},{\"@type\":\"Person\",\"@id\":\"https:\/\/www.levingtdeux.com\/blog\/#\/schema\/person\/a5c9f4acebe25ce55b30427751338b38\",\"name\":\"vingtdeux-blog\",\"image\":{\"@type\":\"ImageObject\",\"@id\":\"https:\/\/www.levingtdeux.com\/blog\/#personlogo\",\"inLanguage\":\"fr-FR\",\"url\":\"https:\/\/secure.gravatar.com\/avatar\/0b5e4e051b2d32231957d8f48ad26068?s=96&d=mm&r=g\",\"contentUrl\":\"https:\/\/secure.gravatar.com\/avatar\/0b5e4e051b2d32231957d8f48ad26068?s=96&d=mm&r=g\",\"caption\":\"vingtdeux-blog\"},\"sameAs\":[\"http:\/\/www.levingtdeux.com\"],\"url\":\"https:\/\/www.levingtdeux.com\/blog\/author\/vingtdeux-blog\/\"}]}<\/script>\n<!-- \/ Yoast SEO plugin. -->","yoast_head_json":{"robots":{"index":"index","follow":"follow","max-snippet":"max-snippet:-1","max-image-preview":"max-image-preview:large","max-video-preview":"max-video-preview:-1"},"canonical":"https:\/\/www.levingtdeux.com\/blog\/2020\/06\/24\/du-chardo-cest-tout-ce-quil-me-faut-zoom-sur-le-fameux-cepage-chardonnay-par-aurelia-reis\/","og_locale":"fr_FR","og_type":"article","og_title":"\u00ab Du Chardo c'est tout ce qu'il me faut \u00bb Zoom sur le fameux c\u00e9page Chardonnay, par Aur\u00e9lia Reis - Levingtdeux-Blog","og_description":"\u00ab Un verre de chardonnay s\u2019il vous pla\u00eet \u00bb. Cette phrase, si souvent entendue dans les restaurants et les bars, est bien repr\u00e9sentative de la cote de ce c\u00e9page embl\u00e9matique en France et dans le monde entier.&nbsp; Originaire du vignoble...","og_url":"https:\/\/www.levingtdeux.com\/blog\/2020\/06\/24\/du-chardo-cest-tout-ce-quil-me-faut-zoom-sur-le-fameux-cepage-chardonnay-par-aurelia-reis\/","og_site_name":"Levingtdeux-Blog","article_published_time":"2020-06-24T12:00:00+00:00","article_modified_time":"2020-06-24T12:57:08+00:00","og_image":[{"width":1220,"height":810,"url":"http:\/\/www.levingtdeux.com\/blog\/wp-content\/uploads\/2020\/06\/raisin.jpg","path":"\/opt\/levingtdeux.com\/home\/levingtdeux\/blog\/wp-content\/uploads\/2020\/06\/raisin.jpg","size":"full","id":2075,"alt":"","pixels":988200,"type":"image\/jpeg"}],"twitter_card":"summary_large_image","twitter_misc":{"\u00c9crit par":"vingtdeux-blog","Dur\u00e9e de lecture est.":"5 minutes"},"schema":{"@context":"https:\/\/schema.org","@graph":[{"@type":"WebSite","@id":"https:\/\/www.levingtdeux.com\/blog\/#website","url":"https:\/\/www.levingtdeux.com\/blog\/","name":"Levingtdeux-Blog","description":"Du vin, du vin, mais pas que","potentialAction":[{"@type":"SearchAction","target":{"@type":"EntryPoint","urlTemplate":"https:\/\/www.levingtdeux.com\/blog\/?s={search_term_string}"},"query-input":"required name=search_term_string"}],"inLanguage":"fr-FR"},{"@type":"ImageObject","@id":"https:\/\/www.levingtdeux.com\/blog\/2020\/06\/24\/du-chardo-cest-tout-ce-quil-me-faut-zoom-sur-le-fameux-cepage-chardonnay-par-aurelia-reis\/#primaryimage","inLanguage":"fr-FR","url":"https:\/\/www.levingtdeux.com\/blog\/wp-content\/uploads\/2020\/06\/raisin.jpg","contentUrl":"https:\/\/www.levingtdeux.com\/blog\/wp-content\/uploads\/2020\/06\/raisin.jpg","width":1220,"height":810},{"@type":"WebPage","@id":"https:\/\/www.levingtdeux.com\/blog\/2020\/06\/24\/du-chardo-cest-tout-ce-quil-me-faut-zoom-sur-le-fameux-cepage-chardonnay-par-aurelia-reis\/#webpage","url":"https:\/\/www.levingtdeux.com\/blog\/2020\/06\/24\/du-chardo-cest-tout-ce-quil-me-faut-zoom-sur-le-fameux-cepage-chardonnay-par-aurelia-reis\/","name":"\u00ab Du Chardo c'est tout ce qu'il me faut \u00bb Zoom sur le fameux c\u00e9page Chardonnay, par Aur\u00e9lia Reis - Levingtdeux-Blog","isPartOf":{"@id":"https:\/\/www.levingtdeux.com\/blog\/#website"},"primaryImageOfPage":{"@id":"https:\/\/www.levingtdeux.com\/blog\/2020\/06\/24\/du-chardo-cest-tout-ce-quil-me-faut-zoom-sur-le-fameux-cepage-chardonnay-par-aurelia-reis\/#primaryimage"},"datePublished":"2020-06-24T12:00:00+00:00","dateModified":"2020-06-24T12:57:08+00:00","author":{"@id":"https:\/\/www.levingtdeux.com\/blog\/#\/schema\/person\/a5c9f4acebe25ce55b30427751338b38"},"breadcrumb":{"@id":"https:\/\/www.levingtdeux.com\/blog\/2020\/06\/24\/du-chardo-cest-tout-ce-quil-me-faut-zoom-sur-le-fameux-cepage-chardonnay-par-aurelia-reis\/#breadcrumb"},"inLanguage":"fr-FR","potentialAction":[{"@type":"ReadAction","target":["https:\/\/www.levingtdeux.com\/blog\/2020\/06\/24\/du-chardo-cest-tout-ce-quil-me-faut-zoom-sur-le-fameux-cepage-chardonnay-par-aurelia-reis\/"]}]},{"@type":"BreadcrumbList","@id":"https:\/\/www.levingtdeux.com\/blog\/2020\/06\/24\/du-chardo-cest-tout-ce-quil-me-faut-zoom-sur-le-fameux-cepage-chardonnay-par-aurelia-reis\/#breadcrumb","itemListElement":[{"@type":"ListItem","position":1,"name":"Accueil","item":"https:\/\/www.levingtdeux.com\/blog\/"},{"@type":"ListItem","position":2,"name":"\u00ab Du Chardo c&rsquo;est tout ce qu&rsquo;il me faut \u00bb Zoom sur le fameux c\u00e9page Chardonnay, par Aur\u00e9lia Reis"}]},{"@type":"Person","@id":"https:\/\/www.levingtdeux.com\/blog\/#\/schema\/person\/a5c9f4acebe25ce55b30427751338b38","name":"vingtdeux-blog","image":{"@type":"ImageObject","@id":"https:\/\/www.levingtdeux.com\/blog\/#personlogo","inLanguage":"fr-FR","url":"https:\/\/secure.gravatar.com\/avatar\/0b5e4e051b2d32231957d8f48ad26068?s=96&d=mm&r=g","contentUrl":"https:\/\/secure.gravatar.com\/avatar\/0b5e4e051b2d32231957d8f48ad26068?s=96&d=mm&r=g","caption":"vingtdeux-blog"},"sameAs":["http:\/\/www.levingtdeux.com"],"url":"https:\/\/www.levingtdeux.com\/blog\/author\/vingtdeux-blog\/"}]}},"_links":{"self":[{"href":"https:\/\/www.levingtdeux.com\/blog\/wp-json\/wp\/v2\/posts\/2062"}],"collection":[{"href":"https:\/\/www.levingtdeux.com\/blog\/wp-json\/wp\/v2\/posts"}],"about":[{"href":"https:\/\/www.levingtdeux.com\/blog\/wp-json\/wp\/v2\/types\/post"}],"author":[{"embeddable":true,"href":"https:\/\/www.levingtdeux.com\/blog\/wp-json\/wp\/v2\/users\/2"}],"replies":[{"embeddable":true,"href":"https:\/\/www.levingtdeux.com\/blog\/wp-json\/wp\/v2\/comments?post=2062"}],"version-history":[{"count":8,"href":"https:\/\/www.levingtdeux.com\/blog\/wp-json\/wp\/v2\/posts\/2062\/revisions"}],"predecessor-version":[{"id":2074,"href":"https:\/\/www.levingtdeux.com\/blog\/wp-json\/wp\/v2\/posts\/2062\/revisions\/2074"}],"wp:featuredmedia":[{"embeddable":true,"href":"https:\/\/www.levingtdeux.com\/blog\/wp-json\/wp\/v2\/media\/2075"}],"wp:attachment":[{"href":"https:\/\/www.levingtdeux.com\/blog\/wp-json\/wp\/v2\/media?parent=2062"}],"wp:term":[{"taxonomy":"category","embeddable":true,"href":"https:\/\/www.levingtdeux.com\/blog\/wp-json\/wp\/v2\/categories?post=2062"},{"taxonomy":"post_tag","embeddable":true,"href":"https:\/\/www.levingtdeux.com\/blog\/wp-json\/wp\/v2\/tags?post=2062"}],"curies":[{"name":"wp","href":"https:\/\/api.w.org\/{rel}","templated":true}]}}