{"id":2621,"date":"2022-11-01T11:49:00","date_gmt":"2022-11-01T10:49:00","guid":{"rendered":"https:\/\/www.levingtdeux.com\/blog\/?p=2621"},"modified":"2022-10-28T10:51:03","modified_gmt":"2022-10-28T09:51:03","slug":"vin-de-france","status":"publish","type":"post","link":"https:\/\/www.levingtdeux.com\/blog\/2022\/11\/01\/vin-de-france\/","title":{"rendered":"VIN DE FRANCE"},"content":{"rendered":"\n<p><strong>Comment cette d\u00e9nomination Vin de France, consid\u00e9r\u00e9e comme \u00ab&nbsp;<em>vins bas de gamme<\/em>&nbsp;\u00bb est devenue le refuge des vignerons \u00ab&nbsp;natures&nbsp;\u00bb&nbsp;mais pas que ?<\/strong><\/p>\n\n\n\n<p><strong>La d\u00e9nomination \u00ab&nbsp;Vin de France&nbsp;\u00bb (VDF) recouvre aujourd&rsquo;hui beaucoup de style de vins tr\u00e8s diff\u00e9rents. On trouve de l&rsquo;industriel bas de gamme aux vins p\u00e9pites de vignerons \u00ab&nbsp;stars&nbsp;\u00bb. Autre fois consid\u00e9r\u00e9 en pari\u00e2t, les \u00ab&nbsp;Vins De France&nbsp;\u00bb repr\u00e9sentent aujourd\u2019hui une part importante du paysage vinicole fran\u00e7ais. On ne les consid\u00e8re plus uniquement comme des vins de table<\/strong>. P<strong>lut\u00f4t comme des ovnis, souvent tr\u00e8s bons, parfois \u00ab&nbsp;bizarres&nbsp;\u00bb, en tout cas \u00e0 d\u00e9couvrir.<\/strong><\/p>\n\n\n\n<p><strong>Le vingt-deux fait donc le point sur ces VDF et met en lumi\u00e8re quelques unes de ces cuv\u00e9es coup de c\u0153ur pour l&rsquo;occasion.<\/strong><\/p>\n\n\n\n<!--more-->\n\n\n\n<div style=\"height:38px\" aria-hidden=\"true\" class=\"wp-block-spacer\"><\/div>\n\n\n\n<h2><strong>Vin de France&nbsp;: quesako&nbsp;?<\/strong><\/h2>\n\n\n\n<p>Cr\u00e9\u00e9e en 2009 pour l\u2019organisation europ\u00e9enne du march\u00e9 du vin, la d\u00e9nomination \u00ab&nbsp;Vin de France&nbsp;\u00bb,&nbsp; remplace les \u00ab vin de table \u00bb. FranceAgriMer g\u00e8re depuis le d\u00e9but la certification, qui les d\u00e9signe \u00e9galement en tant que \u00ab&nbsp;<a href=\"https:\/\/www.vindefrance.com\/vin-de-france\" target=\"_blank\" rel=\"noreferrer noopener\">vin sans indication g\u00e9ographique<\/a>&nbsp;\u00bb (VSIG). Ainsi, tout vin produit en France qui n\u2019est pas accueilli par une appellation d\u2019origine prot\u00e9g\u00e9e (AOP\/AOC) ou par une indication g\u00e9ographique prot\u00e9g\u00e9e (IGP, les anciens Vin de Pays) est donc par d\u00e9finition un VDF.<\/p>\n\n\n\n<p>Contrairement aux appellations d\u2019origines prot\u00e9g\u00e9e (AOP) et indications d\u2019origines prot\u00e9g\u00e9es (IGP) les vins de France ne peuvent mettre en avant une situation g\u00e9ographique pr\u00e9cise (r\u00e9gion\/ d\u00e9partement \/ ville \/ commune) pour promouvoir les qualit\u00e9s de son vin.<\/p>\n\n\n\n<div style=\"height:43px\" aria-hidden=\"true\" class=\"wp-block-spacer\"><\/div>\n\n\n\n<h3><em><u>Contraintes de production minimes pour un Vin de France<\/u><\/em><\/h3>\n\n\n\n<p>Le producteur ne respecte pas un cahier des charges inh\u00e9rent aux aires d\u2019appellations. (rendement\/ c\u00e9page \/ densit\u00e9 de plantation \/ volume alcoolique).<br>Les Vins de France permettent par exemple l\u2019assemblage de raisins d\u2019origines, de r\u00e9gions et de mill\u00e9simes diff\u00e9rents. La seule obligation : les raisins doivent \u00eatre r\u00e9colt\u00e9s et transform\u00e9s en vin sur le territoire Fran\u00e7ais.&nbsp;<\/p>\n\n\n\n<p>En termes de production et de vinification, les Vins De France n\u2019ont pas d\u2019autres obligations \u00e0 respecter que celles de la r\u00e9glementation europ\u00e9enne. Il s\u2019agit essentiellement des r\u00e8gles relatives aux c\u00e9pages pouvant \u00eatre utilis\u00e9s, au degr\u00e9 alcoolique minimum et maximum des vins et aux pratiques \u0153nologiques.<\/p>\n\n\n\n<div style=\"height:54px\" aria-hidden=\"true\" class=\"wp-block-spacer\"><\/div>\n\n\n\n<h3><em><u>Etiquette des Vins de France<\/u><\/em><\/h3>\n\n\n\n<ul><li>Pour l\u2019\u00e9tiquette, les mots \u00ab vin \u00bb et \u00ab France \u00bb doivent \u00eatre obligatoirement inscrits.<\/li><li>A contrario, on n&rsquo;a pas le droit d&rsquo;utiliser certains mots pouvant donner une indication g\u00e9ographique. Par exemple : \u00ab Abbaye, Bastide, Campagne, Chapelle, Ch\u00e2teau, Clos, Commanderie, Cru, Domaine, Hospices, Mas, Manoir, Monast\u00e8re, Monopole, Moulin, Prieur\u00e9, Tour \u00bb.<\/li><li>Il est \u00e9galement interdit d\u2019utiliser des images pouvant \u00e9voquer une indication g\u00e9ographique.<\/li><li>Interdit aussi des mentions \u00ab&nbsp;mis en bouteille au ch\u00e2teau \/ domaine \/ clos \/ mas\u2026&nbsp;\u00bb, mention \u00ab&nbsp;mis en bouteille dans la r\u00e9gion de production&nbsp;\u00bb, indication d\u2019un mode d\u2019\u00e9laboration sp\u00e9cifique (vendanges tardives, s\u00e9lection de grains nobles, vin jaune&#8230;).<\/li><li>Cependant on peut indiquer le nom du c\u00e9page (mais pas tous) et du mill\u00e9sime. Pour cela, le domaine doit proposer \u00e0 la validation de FranceAgriMer un syst\u00e8me documentaire (registre de coupage, documents d\u2019accompagnement du vin, etc.) permettant d\u2019assurer la tra\u00e7abilit\u00e9 du c\u00e9page et\/ou du mill\u00e9sime.<\/li><li>En effet, l\u2019\u00e9tiquetage d\u2019un certain nombre de c\u00e9pages sont interdits &nbsp;: Aligot\u00e9, Altesse, Clairette, Gewurtztraminer, Gringet, Jacqu\u00e8re, Mondeuse, Persan, Poulsard, Riesling, Savagnin, Sylvaner et Trousseau.<\/li><\/ul>\n\n\n\n<div style=\"height:31px\" aria-hidden=\"true\" class=\"wp-block-spacer\"><\/div>\n\n\n\n<div class=\"wp-block-image\"><figure class=\"aligncenter size-full\"><img loading=\"lazy\" width=\"694\" height=\"318\" src=\"https:\/\/www.levingtdeux.com\/blog\/wp-content\/uploads\/2022\/10\/ETIQUETTE-VDF.jpg\" alt=\"2 exemples d'\u00e9tiquette de Vin de France\" class=\"wp-image-2626\" srcset=\"https:\/\/www.levingtdeux.com\/blog\/wp-content\/uploads\/2022\/10\/ETIQUETTE-VDF.jpg 694w, https:\/\/www.levingtdeux.com\/blog\/wp-content\/uploads\/2022\/10\/ETIQUETTE-VDF-300x137.jpg 300w, https:\/\/www.levingtdeux.com\/blog\/wp-content\/uploads\/2022\/10\/ETIQUETTE-VDF-600x275.jpg 600w\" sizes=\"(max-width: 694px) 100vw, 694px\" \/><figcaption>Cr\u00e9dit : vindefrance-cepages.org<\/figcaption><\/figure><\/div>\n\n\n\n<div style=\"height:40px\" aria-hidden=\"true\" class=\"wp-block-spacer\"><\/div>\n\n\n\n<h2><strong>Mais alors c&rsquo;est bon ou c&rsquo;est pas bon un Vin de France&nbsp;?<\/strong><\/h2>\n\n\n\n<p>Il n&rsquo;est pas simple de r\u00e9pondre \u00e0 cette question car on trouve de tout en VDF&nbsp;: du jus de raisin ferment\u00e9, synonyme de \u00ab&nbsp;gros rouges qui t\u00e2chent&nbsp;\u00bb avec les rendements d\u00e9mesur\u00e9s d\u2019une viticulture industrialis\u00e9e depuis des d\u00e9cennies, aux p\u00e9pites de la viticulture naturelle.<\/p>\n\n\n\n<p>En effet, beaucoup de vigneron.ne.s d\u00e9cident de produire leur vin dans cette cat\u00e9gorie pour s&rsquo;affranchir des r\u00e8gles de l&rsquo;AOP ou de l&rsquo;IGP qui ne leur conviennent plus.<\/p>\n\n\n\n<div style=\"height:39px\" aria-hidden=\"true\" class=\"wp-block-spacer\"><\/div>\n\n\n\n<h4>Pour quelles raisons un.e vigneron.ne d\u00e9cide de produire un Vin de France ?<\/h4>\n\n\n\n<ul><li>L\u2019enc\u00e9pagement de la cuv\u00e9e. Toute AOP et toute IGP poss\u00e8de son propre catalogue de c\u00e9pages autoris\u00e9s. Seule la culture de ces c\u00e9pages dans l\u2019aire g\u00e9ographique d\u00e9limit\u00e9e donne droit \u00e0 l\u2019AOC ou l\u2019IGP. Si on cultive d\u2019autres c\u00e9pages, on se retrouve automatiquement estampill\u00e9 \u00ab&nbsp;Vin de France&nbsp;\u00bb.<\/li><li>Le lieu o\u00f9 lequel la vigne a \u00e9t\u00e9 plant\u00e9e. Si la parcelle ne se trouve pas sur un terroir class\u00e9 AOP ou IGP, les VDF l\u2019accueillent.<\/li><li>Et puis, produire du VDF peut aussi \u00eatre un choix de vigneronne ou de vigneron. Les AOP et IGP proposent des avantages, comme par exemple la notori\u00e9t\u00e9 et la visibilit\u00e9 sur un march\u00e9 mondial. Mais ces avantages vont de paire avec des contraintes de production. Faire du VDF peut donc aussi \u00eatre synonyme d\u2019une production viticole qualitative en toute libert\u00e9&nbsp;!<\/li><\/ul>\n\n\n\n<div class=\"wp-block-image\"><figure class=\"aligncenter size-large is-resized\"><a href=\"https:\/\/www.lemonde.fr\/vins\/article\/2018\/10\/19\/la-valse-des-etiquettes-des-vins-de-france_5371735_3527806.html\" target=\"_blank\" rel=\"noopener\"><img loading=\"lazy\" src=\"https:\/\/www.levingtdeux.com\/blog\/wp-content\/uploads\/2022\/10\/vdf-le-monde-1024x512.jpg\" alt=\"4 bouteilles de vins rouges\" class=\"wp-image-2627\" width=\"539\" height=\"269\" srcset=\"https:\/\/www.levingtdeux.com\/blog\/wp-content\/uploads\/2022\/10\/vdf-le-monde-1024x512.jpg 1024w, https:\/\/www.levingtdeux.com\/blog\/wp-content\/uploads\/2022\/10\/vdf-le-monde-300x150.jpg 300w, https:\/\/www.levingtdeux.com\/blog\/wp-content\/uploads\/2022\/10\/vdf-le-monde-768x384.jpg 768w, https:\/\/www.levingtdeux.com\/blog\/wp-content\/uploads\/2022\/10\/vdf-le-monde-600x300.jpg 600w, https:\/\/www.levingtdeux.com\/blog\/wp-content\/uploads\/2022\/10\/vdf-le-monde.jpg 1440w\" sizes=\"(max-width: 539px) 100vw, 539px\" \/><\/a><figcaption>Cr\u00e9dit : Le Monde<\/figcaption><\/figure><\/div>\n\n\n\n<div style=\"height:30px\" aria-hidden=\"true\" class=\"wp-block-spacer\"><\/div>\n\n\n\n<h3><strong>Le saviez-vous&nbsp;?<\/strong><\/h3>\n\n\n\n<p>FranceAgriMer est l\u2019\u00e9tablissement national des produits de l\u2019agriculture et de la mer. Cr\u00e9\u00e9 le 1er avril 2009, cet \u00e9tablissement public administratif, plac\u00e9 sous la tutelle de l\u2019Etat, est issu de la fusion de cinq offices agricoles&nbsp;: l\u2019Office national de la p\u00eache et de l\u2019aquaculture (OFIMER), l\u2019Office de l\u2019\u00e9levage, l\u2019Office national interprofessionnel des grandes cultures (ONIGC), l\u2019Office national interprofessionnel des plantes \u00e0 parfum (ONIPPAM) et Viniflhor, l\u2019\u00e9tablissement public charg\u00e9 des fili\u00e8res vin, fruits, l\u00e9gumes et horticulture.<br>FranceAgriMer constitue un lieu d\u2019\u00e9changes et d\u2019arbitrage entre les fili\u00e8res fran\u00e7aises de l\u2019agriculture et de la p\u00eache rassembl\u00e9es au sein d\u2019un m\u00eame \u00e9tablissement.<br><\/p>\n\n\n\n<div style=\"height:29px\" aria-hidden=\"true\" class=\"wp-block-spacer\"><\/div>\n\n\n\n<h2><strong>Nos coups de c\u0153ur en VIN DE FRANCE<\/strong><\/h2>\n\n\n\n<div style=\"height:31px\" aria-hidden=\"true\" class=\"wp-block-spacer\"><\/div>\n\n\n\n<div class=\"wp-block-image\"><figure class=\"alignright size-large is-resized\"><img loading=\"lazy\" src=\"https:\/\/www.levingtdeux.com\/blog\/wp-content\/uploads\/2022\/10\/clos-molenie-orange-bordeaux-527x1024.jpg\" alt=\"Vin orange Pas de la Colline 2020, Clos de la Mol\u00e9nie\" class=\"wp-image-2630\" width=\"181\" height=\"353\" srcset=\"https:\/\/www.levingtdeux.com\/blog\/wp-content\/uploads\/2022\/10\/clos-molenie-orange-bordeaux-527x1024.jpg 527w, https:\/\/www.levingtdeux.com\/blog\/wp-content\/uploads\/2022\/10\/clos-molenie-orange-bordeaux-154x300.jpg 154w, https:\/\/www.levingtdeux.com\/blog\/wp-content\/uploads\/2022\/10\/clos-molenie-orange-bordeaux.jpg 540w\" sizes=\"(max-width: 181px) 100vw, 181px\" \/><figcaption>Vin orange<\/figcaption><\/figure><\/div>\n\n\n\n<h3>Vin orange (pour plus d&rsquo;informations sur les vins orange, allez voir <a href=\"https:\/\/www.levingtdeux.com\/blog\/2021\/11\/21\/vin-orange-maceration\/\" target=\"_blank\" rel=\"noreferrer noopener\">notre article ici<\/a>)<\/h3>\n\n\n\n<p><a href=\"https:\/\/www.levingtdeux.com\/vin-de-france\/22274-vdf-pas-de-la-colline-orange.html\" target=\"_blank\" rel=\"noreferrer noopener\">VDF PAS DE LA COLLINE ORANGE \u2013 2020 du CLOS DE LA MOLENIE<\/a>&nbsp;: un vin bordelais, orange et bio&nbsp;: de quoi en d\u00e9stabiliser plus d&rsquo;un.e et faire d\u00e9couvrir le Bordeaux autrement:)<\/p>\n\n\n\n<p>Nez de fruits tr\u00e8s m\u00fbrs m\u00e9lang\u00e9 \u00e0 des notes de plantes s\u00e8ches. En bouche, attaque intense, belle structure tannique avec une belle longueur. Ar\u00f4mes de tarte aux pruneaux et de dattes s\u00e9ch\u00e9es.<\/p>\n\n\n\n<h3> Vin liquoreux<\/h3>\n\n\n\n<p><a href=\"https:\/\/www.levingtdeux.com\/vin-de-france\/21926-vin-de-france-octobre-orange.html\" target=\"_blank\" rel=\"noreferrer noopener\">VIN DE FRANCE OCTOBRE ORANGE \u2013 2017 de BERTIN DELATTE<\/a>&nbsp;: Un vin orange moelleux par l&rsquo;un des vignerons natures les plus r\u00e9put\u00e9s d&rsquo;Anjou&nbsp;: <a href=\"https:\/\/www.levingtdeux.com\/5629_bertin-delatte\" target=\"_blank\" rel=\"noreferrer noopener\">BERTIN DELATTE<\/a> ! Ar\u00f4mes typiques de coing et de fruits confits, belle oxydation aux ar\u00f4mes de noix. La bouche est volumineuse et fraiche, nette, acidul\u00e9e, grande sucrosit\u00e9 sans lourdeur.<\/p>\n\n\n\n<div style=\"height:20px\" aria-hidden=\"true\" class=\"wp-block-spacer\"><\/div>\n\n\n\n<h3> Vin rouge<\/h3>\n\n\n\n<h4>Du l\u00e9ger&#8230;<\/h4>\n\n\n\n<div class=\"wp-block-image\"><figure class=\"alignleft size-large is-resized\"><img loading=\"lazy\" src=\"https:\/\/www.levingtdeux.com\/blog\/wp-content\/uploads\/2022\/10\/mylene-bru-soleil-nuit-527x1024.jpg\" alt=\"Vin de France Soleil de Nuit 2020, Domaine Myl\u00e8ne Bru\" class=\"wp-image-2631\" width=\"227\" height=\"441\" srcset=\"https:\/\/www.levingtdeux.com\/blog\/wp-content\/uploads\/2022\/10\/mylene-bru-soleil-nuit-527x1024.jpg 527w, https:\/\/www.levingtdeux.com\/blog\/wp-content\/uploads\/2022\/10\/mylene-bru-soleil-nuit-154x300.jpg 154w, https:\/\/www.levingtdeux.com\/blog\/wp-content\/uploads\/2022\/10\/mylene-bru-soleil-nuit-309x600.jpg 309w, https:\/\/www.levingtdeux.com\/blog\/wp-content\/uploads\/2022\/10\/mylene-bru-soleil-nuit.jpg 540w\" sizes=\"(max-width: 227px) 100vw, 227px\" \/><figcaption>Un Languedoc tout en fruit<\/figcaption><\/figure><\/div>\n\n\n\n<p><a href=\"https:\/\/www.levingtdeux.com\/vin-de-france\/22678-vin-de-france-orchestrale.html\" target=\"_blank\" rel=\"noreferrer noopener\">VIN DE FRANCE ORCHESTRALE \u2013 2020 du domaine L&rsquo;AFF\u00dbT<\/a>&nbsp;: Figure montante de Touraine, <a href=\"https:\/\/www.levingtdeux.com\/5770_l-affut\" target=\"_blank\" rel=\"noreferrer noopener\">Isabelle Pangault<\/a> a suivi un parcours atypique. Issue d&rsquo;une famille de forestiers sp\u00e9cialis\u00e9s dans le commerce du bois depuis le VIII\u00e8me si\u00e8cle, elle explique \u00ab \u00eatre arriv\u00e9e dans le vin par la barrique \u00bb.&nbsp; Son domaine s&rsquo;est fait tr\u00e8s rapidement une belle r\u00e9putation. Gr\u00e2ce \u00e0 la qualit\u00e9 de ses vins et par ses vieilles vignes de gamay de 1894, c&rsquo;est une vigneronne incontournable. Cette orchestrale est construite sur le gamay (50 %), compl\u00e9t\u00e9 de cabernet-sauvignon (25 %), de c\u00f4t (15 %) et de pinot noir. Le tout est \u00e9lev\u00e9 en f\u00fbt tronconique et en jarres. Il en r\u00e9sulte un vin rond, aux notes de fruits m\u00fbrs (fraise confitur\u00e9e, cerise, \u2026), aux tanins pr\u00e9sents mais soyeux. Une merveille&nbsp;:=)<\/p>\n\n\n\n<p><a href=\"https:\/\/www.levingtdeux.com\/vin-de-france\/22064-vin-de-france-soleil-de-nuit.html\" target=\"_blank\" rel=\"noreferrer noopener\">VIN DE FRANCE SOLEIL DE NUIT \u2013 2020 de MYLENE BRU<\/a><\/p>\n\n\n\n<p>Impossible de vous pr\u00e9senter quelques vins de France sans parler de <a href=\"https:\/\/www.levingtdeux.com\/5666_mylene-bru\" target=\"_blank\" rel=\"noreferrer noopener\">Myl\u00e8ne Bru<\/a>, vigneronne incontournable du Languedoc, qui cr\u00e9\u00e9e des vins signatures magnifiques, tous ou presque sous la d\u00e9nomination VDF.<\/p>\n\n\n\n<p>2020 est le Premier mill\u00e9sime de Soleil de Nuit, cuv\u00e9e issue d&rsquo;une seule parcelle de vigne : La Rompue du Bas, une parcelle en pente sur un sol calcaire.<\/p>\n\n\n\n<p>Vinification de Cinsault (30%) et Carignan (70%) de fa\u00e7on \u00e0 retrouver l&rsquo;association fruit\u00e9e des deux c\u00e9pages pour une cuv\u00e9e tout en fra\u00eecheur&nbsp;: nez de fruits rouges, de framboise, de fruits secs et de fleurs blanches. Le Carignan apporte une fra\u00eecheur douce et une belle densit\u00e9 au vin.<\/p>\n\n\n\n<div style=\"height:42px\" aria-hidden=\"true\" class=\"wp-block-spacer\"><\/div>\n\n\n\n<h4>&#8230; au plus puissant<\/h4>\n\n\n\n<p><a href=\"https:\/\/www.levingtdeux.com\/vin-de-france\/21893-vin-de-france-salome.html\" target=\"_blank\" rel=\"noreferrer noopener\">VIN DE FRANCE SALOM\u00c9 \u2013 2016 du domaine GALUS<\/a>&nbsp;: Du nom de la seconde fille de la famille du Gard, c&rsquo;est un vin 100% Grenache et la grande cuv\u00e9e du domaine. Obtenue \u00e0 partir des plus vieilles vignes, Salom\u00e9 a \u00e9t\u00e9 soigneusement \u00ab\u2009\u00e9lev\u00e9e\u2009\u00bb durant plus de 10 mois en barriques. Parfums de garrigue et fruits rouges aux notes \u00e9pic\u00e9es. Le vin d\u00e9livre sa puissance en bouche, \u00e0 la texture ample et soyeuse. Il m\u00e9rite d&rsquo;\u00eatre d\u00e9gust\u00e9 avec un magret de canard au miel ou, pour les plus gourmands avec une marquise au chocolat.<\/p>\n\n\n\n<p><a href=\"https:\/\/www.levingtdeux.com\/vin-de-france\/21956-vin-de-france-cause-toujours.html\" target=\"_blank\" rel=\"noreferrer noopener\">VIN DE FRANCE CAUSE TOUJOURS \u2013 2019 LE MAS DE MON PERE<\/a>&nbsp;. Fr\u00e9d\u00e9ric Palacios, vigneron embl\u00e9matique sur l&rsquo;appellation Malep\u00e8re, produit la majprot\u00e9 de ces vins en VDF. Cette cuv\u00e9e 100% Malbec&nbsp;est une symphonie des \u00e9pices, du fruit noir et des tanins tout en finesse.<\/p>\n\n\n\n<div style=\"height:34px\" aria-hidden=\"true\" class=\"wp-block-spacer\"><\/div>\n\n\n\n<div class=\"wp-block-image\"><figure class=\"alignright size-large is-resized\"><img loading=\"lazy\" src=\"https:\/\/www.levingtdeux.com\/blog\/wp-content\/uploads\/2022\/10\/Didier-DAGUENEAU-pouilly-fume-buisson-renard-2015-527x1024.jpg\" alt=\"Vin de France Buisson Renard 2019, Domaine Didier Dagueneau\" class=\"wp-image-2633\" width=\"149\" height=\"290\" srcset=\"https:\/\/www.levingtdeux.com\/blog\/wp-content\/uploads\/2022\/10\/Didier-DAGUENEAU-pouilly-fume-buisson-renard-2015-527x1024.jpg 527w, https:\/\/www.levingtdeux.com\/blog\/wp-content\/uploads\/2022\/10\/Didier-DAGUENEAU-pouilly-fume-buisson-renard-2015-154x300.jpg 154w, https:\/\/www.levingtdeux.com\/blog\/wp-content\/uploads\/2022\/10\/Didier-DAGUENEAU-pouilly-fume-buisson-renard-2015-309x600.jpg 309w, https:\/\/www.levingtdeux.com\/blog\/wp-content\/uploads\/2022\/10\/Didier-DAGUENEAU-pouilly-fume-buisson-renard-2015.jpg 540w\" sizes=\"(max-width: 149px) 100vw, 149px\" \/><figcaption>Un GRAND Vin de France<\/figcaption><\/figure><\/div>\n\n\n\n<h3> Vin blanc<\/h3>\n\n\n\n<p><a href=\"https:\/\/www.levingtdeux.com\/vin-de-france\/22753-vin-de-france-buisson-renard.html\" target=\"_blank\" rel=\"noreferrer noopener\">VIN DE FRANCE BUISSON RENARD \u2013 2019 de DIDIER DAGUENEAU<\/a><\/p>\n\n\n\n<p>La preuve, s&rsquo;il en fallait, que cette d\u00e9nomination VDF recouvre \u00e9galement parmi les plus grands vins au monde. Le domaine star Didier Dagueneau produit sa cuv\u00e9e Buisson Renard en Vin de France.<\/p>\n\n\n\n<p>Buisson Renard est une s\u00e9lection parcellaire et une des cuv\u00e9es ultra-\u00e9litistes du domaine Didier Dagueneau. Le vigneron Louis-Benjamin, fils de Didier, a \u00e9t\u00e9 \u00e9lu vigneron de l&rsquo;ann\u00e9e en 2016 (RVF). Il a repris le domaine en 2008 apr\u00e8s la mort accidentelle de son p\u00e8re. Un ma\u00eetre incontest\u00e9 du sauvignon en Vall\u00e9e de Loire ! Un vin aust\u00e8re et cristallin de tr\u00e8s grande garde.<\/p>\n\n\n\n<div style=\"height:8px\" aria-hidden=\"true\" class=\"wp-block-spacer\"><\/div>\n\n\n\n<p>Apr\u00e8s cette br\u00e8ve introduction aux Vins de France, vous l&rsquo;aurez compris : Faites vous conseiller par votre caviste !<\/p>\n\n\n\n<p>Sortez des sentiers battus et partez \u00e0 la d\u00e9couverte  de tr\u00e8s beaux vins !<\/p>\n\n\n\n<div style=\"height:27px\" aria-hidden=\"true\" class=\"wp-block-spacer\"><\/div>\n\n\n\n<h4>L\u2019auteure de l\u2019article<\/h4>\n\n\n\n<p><strong>Sommeli\u00e8re de m\u00e9tier et de c\u0153ur, Aur\u00e9lia Reis a travaill\u00e9 en restaurants gastronomiques puis en caves sp\u00e9cialis\u00e9es. Depuis 5 ans, elle partage sa passion du vin en tant que formatrice pour les professionnels et aussi les particuliers. A la cave le vingt-deux, elle anime plusieurs cours d\u2019\u0153nologie. \u00c9picurienne et enthousiaste, elle aime avant tout d\u00e9nicher les perles rares des vignobles, partager sa passion pour les vins et transmettre le travail des petits et grands vignerons<\/strong>.<\/p>\n","protected":false},"excerpt":{"rendered":"<p>Comment cette d\u00e9nomination Vin de France, consid\u00e9r\u00e9e comme \u00ab&nbsp;vins bas de gamme&nbsp;\u00bb est devenue le refuge des vignerons \u00ab&nbsp;natures&nbsp;\u00bb&nbsp;mais pas que ? La d\u00e9nomination \u00ab&nbsp;Vin de France&nbsp;\u00bb (VDF) recouvre aujourd&rsquo;hui beaucoup de style de vins tr\u00e8s diff\u00e9rents. On trouve de&#8230;<\/p>\n","protected":false},"author":2,"featured_media":2625,"comment_status":"closed","ping_status":"closed","sticky":false,"template":"","format":"standard","meta":[],"categories":[62,7,64],"tags":[391,392,99,393,95,100,390,394],"yoast_head":"<!-- This site is optimized with the Yoast SEO plugin v16.7 - https:\/\/yoast.com\/wordpress\/plugins\/seo\/ -->\n<meta name=\"description\" content=\"Anciennement appel\u00e9 Vin de Table, la d\u00e9nomination Vin de France est de plus en plus utilis\u00e9e par les domaines, et m\u00eame les plus grands.\" \/>\n<meta name=\"robots\" content=\"index, follow, max-snippet:-1, max-image-preview:large, max-video-preview:-1\" \/>\n<link rel=\"canonical\" href=\"https:\/\/www.levingtdeux.com\/blog\/2022\/11\/01\/vin-de-france\/\" \/>\n<meta property=\"og:locale\" content=\"fr_FR\" \/>\n<meta property=\"og:type\" content=\"article\" \/>\n<meta property=\"og:title\" content=\"Vin de France, quelle est sa d\u00e9finition ? - Levingtdeux-Blog\" \/>\n<meta property=\"og:description\" content=\"Anciennement appel\u00e9 Vin de Table, la d\u00e9nomination Vin de France est de plus en plus utilis\u00e9e par les domaines, et m\u00eame les plus grands.\" \/>\n<meta property=\"og:url\" content=\"https:\/\/www.levingtdeux.com\/blog\/2022\/11\/01\/vin-de-france\/\" \/>\n<meta property=\"og:site_name\" content=\"Levingtdeux-Blog\" \/>\n<meta property=\"article:published_time\" content=\"2022-11-01T10:49:00+00:00\" \/>\n<meta property=\"article:modified_time\" content=\"2022-10-28T09:51:03+00:00\" \/>\n<meta property=\"og:image\" content=\"http:\/\/www.levingtdeux.com\/blog\/wp-content\/uploads\/2022\/10\/VDF.jpg\" \/>\n\t<meta property=\"og:image:width\" content=\"560\" \/>\n\t<meta property=\"og:image:height\" content=\"207\" \/>\n<meta name=\"twitter:card\" content=\"summary_large_image\" \/>\n<meta name=\"twitter:label1\" content=\"\u00c9crit par\" \/>\n\t<meta name=\"twitter:data1\" content=\"vingtdeux-blog\" \/>\n\t<meta name=\"twitter:label2\" content=\"Dur\u00e9e de lecture est.\" \/>\n\t<meta name=\"twitter:data2\" content=\"8 minutes\" \/>\n<script type=\"application\/ld+json\" class=\"yoast-schema-graph\">{\"@context\":\"https:\/\/schema.org\",\"@graph\":[{\"@type\":\"WebSite\",\"@id\":\"https:\/\/www.levingtdeux.com\/blog\/#website\",\"url\":\"https:\/\/www.levingtdeux.com\/blog\/\",\"name\":\"Levingtdeux-Blog\",\"description\":\"Du vin, du vin, mais pas que\",\"potentialAction\":[{\"@type\":\"SearchAction\",\"target\":{\"@type\":\"EntryPoint\",\"urlTemplate\":\"https:\/\/www.levingtdeux.com\/blog\/?s={search_term_string}\"},\"query-input\":\"required name=search_term_string\"}],\"inLanguage\":\"fr-FR\"},{\"@type\":\"ImageObject\",\"@id\":\"https:\/\/www.levingtdeux.com\/blog\/2022\/11\/01\/vin-de-france\/#primaryimage\",\"inLanguage\":\"fr-FR\",\"url\":\"https:\/\/www.levingtdeux.com\/blog\/wp-content\/uploads\/2022\/10\/VDF.jpg\",\"contentUrl\":\"https:\/\/www.levingtdeux.com\/blog\/wp-content\/uploads\/2022\/10\/VDF.jpg\",\"width\":560,\"height\":207,\"caption\":\"Vin de France\"},{\"@type\":\"WebPage\",\"@id\":\"https:\/\/www.levingtdeux.com\/blog\/2022\/11\/01\/vin-de-france\/#webpage\",\"url\":\"https:\/\/www.levingtdeux.com\/blog\/2022\/11\/01\/vin-de-france\/\",\"name\":\"Vin de France, quelle est sa d\\u00e9finition ? - Levingtdeux-Blog\",\"isPartOf\":{\"@id\":\"https:\/\/www.levingtdeux.com\/blog\/#website\"},\"primaryImageOfPage\":{\"@id\":\"https:\/\/www.levingtdeux.com\/blog\/2022\/11\/01\/vin-de-france\/#primaryimage\"},\"datePublished\":\"2022-11-01T10:49:00+00:00\",\"dateModified\":\"2022-10-28T09:51:03+00:00\",\"author\":{\"@id\":\"https:\/\/www.levingtdeux.com\/blog\/#\/schema\/person\/a5c9f4acebe25ce55b30427751338b38\"},\"description\":\"Anciennement appel\\u00e9 Vin de Table, la d\\u00e9nomination Vin de France est de plus en plus utilis\\u00e9e par les domaines, et m\\u00eame les plus grands.\",\"breadcrumb\":{\"@id\":\"https:\/\/www.levingtdeux.com\/blog\/2022\/11\/01\/vin-de-france\/#breadcrumb\"},\"inLanguage\":\"fr-FR\",\"potentialAction\":[{\"@type\":\"ReadAction\",\"target\":[\"https:\/\/www.levingtdeux.com\/blog\/2022\/11\/01\/vin-de-france\/\"]}]},{\"@type\":\"BreadcrumbList\",\"@id\":\"https:\/\/www.levingtdeux.com\/blog\/2022\/11\/01\/vin-de-france\/#breadcrumb\",\"itemListElement\":[{\"@type\":\"ListItem\",\"position\":1,\"name\":\"Accueil\",\"item\":\"https:\/\/www.levingtdeux.com\/blog\/\"},{\"@type\":\"ListItem\",\"position\":2,\"name\":\"VIN DE FRANCE\"}]},{\"@type\":\"Person\",\"@id\":\"https:\/\/www.levingtdeux.com\/blog\/#\/schema\/person\/a5c9f4acebe25ce55b30427751338b38\",\"name\":\"vingtdeux-blog\",\"image\":{\"@type\":\"ImageObject\",\"@id\":\"https:\/\/www.levingtdeux.com\/blog\/#personlogo\",\"inLanguage\":\"fr-FR\",\"url\":\"https:\/\/secure.gravatar.com\/avatar\/0b5e4e051b2d32231957d8f48ad26068?s=96&d=mm&r=g\",\"contentUrl\":\"https:\/\/secure.gravatar.com\/avatar\/0b5e4e051b2d32231957d8f48ad26068?s=96&d=mm&r=g\",\"caption\":\"vingtdeux-blog\"},\"sameAs\":[\"http:\/\/www.levingtdeux.com\"],\"url\":\"https:\/\/www.levingtdeux.com\/blog\/author\/vingtdeux-blog\/\"}]}<\/script>\n<!-- \/ Yoast SEO plugin. -->","yoast_head_json":{"description":"Anciennement appel\u00e9 Vin de Table, la d\u00e9nomination Vin de France est de plus en plus utilis\u00e9e par les domaines, et m\u00eame les plus grands.","robots":{"index":"index","follow":"follow","max-snippet":"max-snippet:-1","max-image-preview":"max-image-preview:large","max-video-preview":"max-video-preview:-1"},"canonical":"https:\/\/www.levingtdeux.com\/blog\/2022\/11\/01\/vin-de-france\/","og_locale":"fr_FR","og_type":"article","og_title":"Vin de France, quelle est sa d\u00e9finition ? - Levingtdeux-Blog","og_description":"Anciennement appel\u00e9 Vin de Table, la d\u00e9nomination Vin de France est de plus en plus utilis\u00e9e par les domaines, et m\u00eame les plus grands.","og_url":"https:\/\/www.levingtdeux.com\/blog\/2022\/11\/01\/vin-de-france\/","og_site_name":"Levingtdeux-Blog","article_published_time":"2022-11-01T10:49:00+00:00","article_modified_time":"2022-10-28T09:51:03+00:00","og_image":[{"width":560,"height":207,"url":"http:\/\/www.levingtdeux.com\/blog\/wp-content\/uploads\/2022\/10\/VDF.jpg","path":"\/opt\/levingtdeux.com\/home\/levingtdeux\/blog\/wp-content\/uploads\/2022\/10\/VDF.jpg","size":"full","id":2625,"alt":"Vin de France","pixels":115920,"type":"image\/jpeg"}],"twitter_card":"summary_large_image","twitter_misc":{"\u00c9crit par":"vingtdeux-blog","Dur\u00e9e de lecture est.":"8 minutes"},"schema":{"@context":"https:\/\/schema.org","@graph":[{"@type":"WebSite","@id":"https:\/\/www.levingtdeux.com\/blog\/#website","url":"https:\/\/www.levingtdeux.com\/blog\/","name":"Levingtdeux-Blog","description":"Du vin, du vin, mais pas que","potentialAction":[{"@type":"SearchAction","target":{"@type":"EntryPoint","urlTemplate":"https:\/\/www.levingtdeux.com\/blog\/?s={search_term_string}"},"query-input":"required name=search_term_string"}],"inLanguage":"fr-FR"},{"@type":"ImageObject","@id":"https:\/\/www.levingtdeux.com\/blog\/2022\/11\/01\/vin-de-france\/#primaryimage","inLanguage":"fr-FR","url":"https:\/\/www.levingtdeux.com\/blog\/wp-content\/uploads\/2022\/10\/VDF.jpg","contentUrl":"https:\/\/www.levingtdeux.com\/blog\/wp-content\/uploads\/2022\/10\/VDF.jpg","width":560,"height":207,"caption":"Vin de France"},{"@type":"WebPage","@id":"https:\/\/www.levingtdeux.com\/blog\/2022\/11\/01\/vin-de-france\/#webpage","url":"https:\/\/www.levingtdeux.com\/blog\/2022\/11\/01\/vin-de-france\/","name":"Vin de France, quelle est sa d\u00e9finition ? - Levingtdeux-Blog","isPartOf":{"@id":"https:\/\/www.levingtdeux.com\/blog\/#website"},"primaryImageOfPage":{"@id":"https:\/\/www.levingtdeux.com\/blog\/2022\/11\/01\/vin-de-france\/#primaryimage"},"datePublished":"2022-11-01T10:49:00+00:00","dateModified":"2022-10-28T09:51:03+00:00","author":{"@id":"https:\/\/www.levingtdeux.com\/blog\/#\/schema\/person\/a5c9f4acebe25ce55b30427751338b38"},"description":"Anciennement appel\u00e9 Vin de Table, la d\u00e9nomination Vin de France est de plus en plus utilis\u00e9e par les domaines, et m\u00eame les plus grands.","breadcrumb":{"@id":"https:\/\/www.levingtdeux.com\/blog\/2022\/11\/01\/vin-de-france\/#breadcrumb"},"inLanguage":"fr-FR","potentialAction":[{"@type":"ReadAction","target":["https:\/\/www.levingtdeux.com\/blog\/2022\/11\/01\/vin-de-france\/"]}]},{"@type":"BreadcrumbList","@id":"https:\/\/www.levingtdeux.com\/blog\/2022\/11\/01\/vin-de-france\/#breadcrumb","itemListElement":[{"@type":"ListItem","position":1,"name":"Accueil","item":"https:\/\/www.levingtdeux.com\/blog\/"},{"@type":"ListItem","position":2,"name":"VIN DE FRANCE"}]},{"@type":"Person","@id":"https:\/\/www.levingtdeux.com\/blog\/#\/schema\/person\/a5c9f4acebe25ce55b30427751338b38","name":"vingtdeux-blog","image":{"@type":"ImageObject","@id":"https:\/\/www.levingtdeux.com\/blog\/#personlogo","inLanguage":"fr-FR","url":"https:\/\/secure.gravatar.com\/avatar\/0b5e4e051b2d32231957d8f48ad26068?s=96&d=mm&r=g","contentUrl":"https:\/\/secure.gravatar.com\/avatar\/0b5e4e051b2d32231957d8f48ad26068?s=96&d=mm&r=g","caption":"vingtdeux-blog"},"sameAs":["http:\/\/www.levingtdeux.com"],"url":"https:\/\/www.levingtdeux.com\/blog\/author\/vingtdeux-blog\/"}]}},"_links":{"self":[{"href":"https:\/\/www.levingtdeux.com\/blog\/wp-json\/wp\/v2\/posts\/2621"}],"collection":[{"href":"https:\/\/www.levingtdeux.com\/blog\/wp-json\/wp\/v2\/posts"}],"about":[{"href":"https:\/\/www.levingtdeux.com\/blog\/wp-json\/wp\/v2\/types\/post"}],"author":[{"embeddable":true,"href":"https:\/\/www.levingtdeux.com\/blog\/wp-json\/wp\/v2\/users\/2"}],"replies":[{"embeddable":true,"href":"https:\/\/www.levingtdeux.com\/blog\/wp-json\/wp\/v2\/comments?post=2621"}],"version-history":[{"count":10,"href":"https:\/\/www.levingtdeux.com\/blog\/wp-json\/wp\/v2\/posts\/2621\/revisions"}],"predecessor-version":[{"id":2638,"href":"https:\/\/www.levingtdeux.com\/blog\/wp-json\/wp\/v2\/posts\/2621\/revisions\/2638"}],"wp:featuredmedia":[{"embeddable":true,"href":"https:\/\/www.levingtdeux.com\/blog\/wp-json\/wp\/v2\/media\/2625"}],"wp:attachment":[{"href":"https:\/\/www.levingtdeux.com\/blog\/wp-json\/wp\/v2\/media?parent=2621"}],"wp:term":[{"taxonomy":"category","embeddable":true,"href":"https:\/\/www.levingtdeux.com\/blog\/wp-json\/wp\/v2\/categories?post=2621"},{"taxonomy":"post_tag","embeddable":true,"href":"https:\/\/www.levingtdeux.com\/blog\/wp-json\/wp\/v2\/tags?post=2621"}],"curies":[{"name":"wp","href":"https:\/\/api.w.org\/{rel}","templated":true}]}}