{"id":510,"date":"2016-04-28T10:12:31","date_gmt":"2016-04-28T09:12:31","guid":{"rendered":"http:\/\/197.13.0.33:5555\/blog-le22\/?p=510"},"modified":"2016-04-28T11:59:55","modified_gmt":"2016-04-28T10:59:55","slug":"clau-de-nell-une-merveille-danjou","status":"publish","type":"post","link":"https:\/\/www.levingtdeux.com\/blog\/2016\/04\/28\/clau-de-nell-une-merveille-danjou\/","title":{"rendered":"Clau de Nell : une merveille d&rsquo;Anjou"},"content":{"rendered":"<h3>La regrett\u00e9e Anne-Claude Leflaive, figure embl\u00e9matique de la Bourgogne et biodynamiste convaincue, avait repris en main en 2008 ce domaine d\u2019Anjou de 10 hectares. Le style des vins porte sa marque : purs, \u00e9l\u00e9gants, et profonds.<\/h3>\n<p>Cabernet-Franc, Cabernet-Sauvignon, Grolleau et Chenin, c\u00e9pages traditionnel de la r\u00e9gion, sont cultiv\u00e9s sur les dix hectares de vignes qui surplombent la Loire. Le terroir y est riche et diversifi\u00e9, compos\u00e9 de gr\u00e9s, de silex rouges et de tuffeau, sur des sols argilo-limoneux et calcaires. La majeure partie du travail se fait ici tout au long de l\u2019ann\u00e9e \u00e0 la vigne, afin de privil\u00e9gier des m\u00e9thodes de vinification douces et tr\u00e8s peu interventionnistes. Il en r\u00e9sulte, pour les vins du domaine, \u00e0 la fois une belle complexit\u00e9 aromatique et une tr\u00e8s grande finesse, qui n\u2019est pas sans rappeler la Bourgogne\u00a0!<\/p>\n<p><!--more--><\/p>\n<p><img loading=\"lazy\" class=\"size-large wp-image-514 aligncenter\" src=\"http:\/\/197.13.0.33:5555\/blog-le22\/wp-content\/uploads\/2016\/04\/levingtdeux-clau-de-nell-cave-1024x682.jpg\" alt=\"levingtdeux-clau-de-nell-cave\" width=\"810\" height=\"539\" srcset=\"https:\/\/www.levingtdeux.com\/blog\/wp-content\/uploads\/2016\/04\/levingtdeux-clau-de-nell-cave-1024x682.jpg 1024w, https:\/\/www.levingtdeux.com\/blog\/wp-content\/uploads\/2016\/04\/levingtdeux-clau-de-nell-cave-600x400.jpg 600w, https:\/\/www.levingtdeux.com\/blog\/wp-content\/uploads\/2016\/04\/levingtdeux-clau-de-nell-cave-300x200.jpg 300w, https:\/\/www.levingtdeux.com\/blog\/wp-content\/uploads\/2016\/04\/levingtdeux-clau-de-nell-cave-768x512.jpg 768w, https:\/\/www.levingtdeux.com\/blog\/wp-content\/uploads\/2016\/04\/levingtdeux-clau-de-nell-cave.jpg 1100w\" sizes=\"(max-width: 810px) 100vw, 810px\" \/><\/p>\n<blockquote><p>Au Clau de Nell, la nature est essentielle, c&rsquo;est une philosophie de vie.<\/p><\/blockquote>\n<p><img loading=\"lazy\" class=\"size-full wp-image-513 alignleft\" src=\"http:\/\/197.13.0.33:5555\/blog-le22\/wp-content\/uploads\/2016\/04\/levingtdeux-clau-de-nell-sylvain.jpg\" alt=\"levingtdeux-clau-de-nell-sylvain\" width=\"265\" height=\"400\" srcset=\"https:\/\/www.levingtdeux.com\/blog\/wp-content\/uploads\/2016\/04\/levingtdeux-clau-de-nell-sylvain.jpg 265w, https:\/\/www.levingtdeux.com\/blog\/wp-content\/uploads\/2016\/04\/levingtdeux-clau-de-nell-sylvain-199x300.jpg 199w\" sizes=\"(max-width: 265px) 100vw, 265px\" \/>Ici, laisser faire la nature, c&rsquo;est aussi savoir se saisir de ce qui passe et de ce qui advient. Bienvenue donc \u00e0 la rencontre avec ses impr\u00e9vus et ses hasards heureux. Sylvain, le r\u00e9gisseur, est arriv\u00e9 comme \u00e7a, par une suite de contacts d&rsquo;affinit\u00e9s et c&rsquo;est lors d&rsquo;une balade dans la vigne que s&rsquo;est d\u00e9cid\u00e9e son embauche. Il a d\u00e9j\u00e0 acquis en Am\u00e9rique du Sud une belle exp\u00e9rience de la biodynamie. Il sait ce que la nature donne et comment la respecter pour que le terroir et le mill\u00e9sime s&rsquo;expriment au mieux, au plus pr\u00e8s de leur v\u00e9rit\u00e9. Cette approche simple et exigeante fait l&rsquo;identit\u00e9 de la vie au domaine.<\/p>\n<p>Lors des vendanges, la cuisine devient le c\u0153ur des \u00e9changes, espace unique d\u00e9di\u00e9 \u00e0 la vie d&rsquo;une \u00e9quipe soud\u00e9e par le travail.<\/p>\n<p>Plus tard, au printemps, c&rsquo;est tout naturellement en \u00e9quipe que s&rsquo;\u00e9laborent les nouveaux assemblages pour chacune des quatre cuv\u00e9es. C&rsquo;est le moment o\u00f9 l&rsquo;on se penche sur leur composition, le temps o\u00f9 les propositions fusent. Les choix se discutent, chaque f\u00fbt sera appr\u00e9ci\u00e9 de mani\u00e8re coll\u00e9giale. Le vin s&rsquo;affine ainsi tout en saveur et finesse sous l&rsquo;\u0153il attentif et concern\u00e9 de ses cr\u00e9ateurs. Ce qui se vit ici est rare, dans cette pl\u00e9nitude, on sent une forme de densit\u00e9, comme une concentration, une essence de vie.<br \/>\nTout ce qui pousse \u00e0 dire un jour, mais bien s\u00fbr, il est l\u00e0 le sens des choses et des gestes, dans ce terroir-terreau de vie.<\/p>\n<blockquote><p>Le vin a t- il une \u00e2me ?<img loading=\"lazy\" class=\" wp-image-516 alignright\" src=\"http:\/\/197.13.0.33:5555\/blog-le22\/wp-content\/uploads\/2016\/04\/levingtdeux-anne-claude-leflaive-clau-de-nell2.jpg\" alt=\"levingtdeux-anne-claude-leflaive-clau-de-nell2\" width=\"210\" height=\"317\" srcset=\"https:\/\/www.levingtdeux.com\/blog\/wp-content\/uploads\/2016\/04\/levingtdeux-anne-claude-leflaive-clau-de-nell2.jpg 264w, https:\/\/www.levingtdeux.com\/blog\/wp-content\/uploads\/2016\/04\/levingtdeux-anne-claude-leflaive-clau-de-nell2-198x300.jpg 198w\" sizes=\"(max-width: 210px) 100vw, 210px\" \/><\/p><\/blockquote>\n<p>Il faut entendre Anne-Claude Leflaive en parler pour comprendre son approche si particuli\u00e8re de la vie du vin. Anne-Claude cultive la vigne comme Voltaire cultivait son jardin : entre nature et culture. Pour elle, le respect de la nature est inscrit dans le socle de sa philosophie. C&rsquo;est au vigneron de saisir ce qui fait la richesse et la sp\u00e9cificit\u00e9 d&rsquo;un terroir pour mettre en culture le vin qui en sera le fruit le plus abouti.<br \/>\nC&rsquo;est encore le vigneron qui donne son caract\u00e8re final au terroir. Ce dernier est pour lui un partenaire vivant. Il comprend ce qui le d\u00e9termine et il le d\u00e9veloppe.\u00a0Au final, l&rsquo;\u00e9nergie du vigneron fait rayonner la bouteille que nous allons ouvrir pour partager un bon moment.<\/p>\n<p>&nbsp;<\/p>\n<p><a href=\"http:\/\/www.levingtdeux.com\/4770_clau-de-nell\" target=\"_blank\">D\u00e9couvrez les vins du Clau de Nell dans notre boutique<\/a><\/p>\n<p><a href=\"http:\/\/www.levingtdeux.com\/4770_clau-de-nell\" target=\"_blank\"><img loading=\"lazy\" class=\"wp-image-517 alignleft\" src=\"http:\/\/197.13.0.33:5555\/blog-le22\/wp-content\/uploads\/2016\/04\/levingtdeux-clau-de-nell-vins.jpg\" alt=\"levingtdeux-clau-de-nell-vins\" width=\"485\" height=\"323\" srcset=\"https:\/\/www.levingtdeux.com\/blog\/wp-content\/uploads\/2016\/04\/levingtdeux-clau-de-nell-vins.jpg 600w, https:\/\/www.levingtdeux.com\/blog\/wp-content\/uploads\/2016\/04\/levingtdeux-clau-de-nell-vins-300x200.jpg 300w\" sizes=\"(max-width: 485px) 100vw, 485px\" \/><\/a><\/p>\n","protected":false},"excerpt":{"rendered":"<p>La regrett\u00e9e Anne-Claude Leflaive, figure embl\u00e9matique de la Bourgogne et biodynamiste convaincue, avait repris en main en 2008 ce domaine d\u2019Anjou de 10 hectares. Le style des vins porte sa marque : purs, \u00e9l\u00e9gants, et profonds. Cabernet-Franc, Cabernet-Sauvignon, Grolleau et&#8230;<\/p>\n","protected":false},"author":2,"featured_media":515,"comment_status":"closed","ping_status":"closed","sticky":false,"template":"","format":"standard","meta":[],"categories":[10,63],"tags":[137,130,136,139,138],"yoast_head":"<!-- This site is optimized with the Yoast SEO plugin v16.7 - https:\/\/yoast.com\/wordpress\/plugins\/seo\/ -->\n<meta name=\"robots\" content=\"index, follow, max-snippet:-1, max-image-preview:large, max-video-preview:-1\" \/>\n<link rel=\"canonical\" href=\"https:\/\/www.levingtdeux.com\/blog\/2016\/04\/28\/clau-de-nell-une-merveille-danjou\/\" \/>\n<meta property=\"og:locale\" content=\"fr_FR\" \/>\n<meta property=\"og:type\" content=\"article\" \/>\n<meta property=\"og:title\" content=\"Clau de Nell : une merveille d&#039;Anjou - Levingtdeux-Blog\" \/>\n<meta property=\"og:description\" content=\"La regrett\u00e9e Anne-Claude Leflaive, figure embl\u00e9matique de la Bourgogne et biodynamiste convaincue, avait repris en main en 2008 ce domaine d\u2019Anjou de 10 hectares. Le style des vins porte sa marque : purs, \u00e9l\u00e9gants, et profonds. Cabernet-Franc, Cabernet-Sauvignon, Grolleau et...\" \/>\n<meta property=\"og:url\" content=\"https:\/\/www.levingtdeux.com\/blog\/2016\/04\/28\/clau-de-nell-une-merveille-danjou\/\" \/>\n<meta property=\"og:site_name\" content=\"Levingtdeux-Blog\" \/>\n<meta property=\"article:published_time\" content=\"2016-04-28T09:12:31+00:00\" \/>\n<meta property=\"article:modified_time\" content=\"2016-04-28T10:59:55+00:00\" \/>\n<meta property=\"og:image\" content=\"http:\/\/www.levingtdeux.com\/blog\/wp-content\/uploads\/2016\/04\/levingtdeux-domaine-clau-de-nell.png\" \/>\n\t<meta property=\"og:image:width\" content=\"1100\" \/>\n\t<meta property=\"og:image:height\" content=\"500\" \/>\n<meta name=\"twitter:card\" content=\"summary_large_image\" \/>\n<meta name=\"twitter:label1\" content=\"\u00c9crit par\" \/>\n\t<meta name=\"twitter:data1\" content=\"vingtdeux-blog\" \/>\n\t<meta name=\"twitter:label2\" content=\"Dur\u00e9e de lecture est.\" \/>\n\t<meta name=\"twitter:data2\" content=\"3 minutes\" \/>\n<script type=\"application\/ld+json\" class=\"yoast-schema-graph\">{\"@context\":\"https:\/\/schema.org\",\"@graph\":[{\"@type\":\"WebSite\",\"@id\":\"https:\/\/www.levingtdeux.com\/blog\/#website\",\"url\":\"https:\/\/www.levingtdeux.com\/blog\/\",\"name\":\"Levingtdeux-Blog\",\"description\":\"Du vin, du vin, mais pas que\",\"potentialAction\":[{\"@type\":\"SearchAction\",\"target\":{\"@type\":\"EntryPoint\",\"urlTemplate\":\"https:\/\/www.levingtdeux.com\/blog\/?s={search_term_string}\"},\"query-input\":\"required name=search_term_string\"}],\"inLanguage\":\"fr-FR\"},{\"@type\":\"ImageObject\",\"@id\":\"https:\/\/www.levingtdeux.com\/blog\/2016\/04\/28\/clau-de-nell-une-merveille-danjou\/#primaryimage\",\"inLanguage\":\"fr-FR\",\"url\":\"https:\/\/www.levingtdeux.com\/blog\/wp-content\/uploads\/2016\/04\/levingtdeux-domaine-clau-de-nell.png\",\"contentUrl\":\"https:\/\/www.levingtdeux.com\/blog\/wp-content\/uploads\/2016\/04\/levingtdeux-domaine-clau-de-nell.png\",\"width\":1100,\"height\":500},{\"@type\":\"WebPage\",\"@id\":\"https:\/\/www.levingtdeux.com\/blog\/2016\/04\/28\/clau-de-nell-une-merveille-danjou\/#webpage\",\"url\":\"https:\/\/www.levingtdeux.com\/blog\/2016\/04\/28\/clau-de-nell-une-merveille-danjou\/\",\"name\":\"Clau de Nell : une merveille d'Anjou - Levingtdeux-Blog\",\"isPartOf\":{\"@id\":\"https:\/\/www.levingtdeux.com\/blog\/#website\"},\"primaryImageOfPage\":{\"@id\":\"https:\/\/www.levingtdeux.com\/blog\/2016\/04\/28\/clau-de-nell-une-merveille-danjou\/#primaryimage\"},\"datePublished\":\"2016-04-28T09:12:31+00:00\",\"dateModified\":\"2016-04-28T10:59:55+00:00\",\"author\":{\"@id\":\"https:\/\/www.levingtdeux.com\/blog\/#\/schema\/person\/a5c9f4acebe25ce55b30427751338b38\"},\"breadcrumb\":{\"@id\":\"https:\/\/www.levingtdeux.com\/blog\/2016\/04\/28\/clau-de-nell-une-merveille-danjou\/#breadcrumb\"},\"inLanguage\":\"fr-FR\",\"potentialAction\":[{\"@type\":\"ReadAction\",\"target\":[\"https:\/\/www.levingtdeux.com\/blog\/2016\/04\/28\/clau-de-nell-une-merveille-danjou\/\"]}]},{\"@type\":\"BreadcrumbList\",\"@id\":\"https:\/\/www.levingtdeux.com\/blog\/2016\/04\/28\/clau-de-nell-une-merveille-danjou\/#breadcrumb\",\"itemListElement\":[{\"@type\":\"ListItem\",\"position\":1,\"name\":\"Accueil\",\"item\":\"https:\/\/www.levingtdeux.com\/blog\/\"},{\"@type\":\"ListItem\",\"position\":2,\"name\":\"Clau de Nell : une merveille d&rsquo;Anjou\"}]},{\"@type\":\"Person\",\"@id\":\"https:\/\/www.levingtdeux.com\/blog\/#\/schema\/person\/a5c9f4acebe25ce55b30427751338b38\",\"name\":\"vingtdeux-blog\",\"image\":{\"@type\":\"ImageObject\",\"@id\":\"https:\/\/www.levingtdeux.com\/blog\/#personlogo\",\"inLanguage\":\"fr-FR\",\"url\":\"https:\/\/secure.gravatar.com\/avatar\/0b5e4e051b2d32231957d8f48ad26068?s=96&d=mm&r=g\",\"contentUrl\":\"https:\/\/secure.gravatar.com\/avatar\/0b5e4e051b2d32231957d8f48ad26068?s=96&d=mm&r=g\",\"caption\":\"vingtdeux-blog\"},\"sameAs\":[\"http:\/\/www.levingtdeux.com\"],\"url\":\"https:\/\/www.levingtdeux.com\/blog\/author\/vingtdeux-blog\/\"}]}<\/script>\n<!-- \/ Yoast SEO plugin. -->","yoast_head_json":{"robots":{"index":"index","follow":"follow","max-snippet":"max-snippet:-1","max-image-preview":"max-image-preview:large","max-video-preview":"max-video-preview:-1"},"canonical":"https:\/\/www.levingtdeux.com\/blog\/2016\/04\/28\/clau-de-nell-une-merveille-danjou\/","og_locale":"fr_FR","og_type":"article","og_title":"Clau de Nell : une merveille d'Anjou - Levingtdeux-Blog","og_description":"La regrett\u00e9e Anne-Claude Leflaive, figure embl\u00e9matique de la Bourgogne et biodynamiste convaincue, avait repris en main en 2008 ce domaine d\u2019Anjou de 10 hectares. Le style des vins porte sa marque : purs, \u00e9l\u00e9gants, et profonds. Cabernet-Franc, Cabernet-Sauvignon, Grolleau et...","og_url":"https:\/\/www.levingtdeux.com\/blog\/2016\/04\/28\/clau-de-nell-une-merveille-danjou\/","og_site_name":"Levingtdeux-Blog","article_published_time":"2016-04-28T09:12:31+00:00","article_modified_time":"2016-04-28T10:59:55+00:00","og_image":[{"width":1100,"height":500,"url":"http:\/\/www.levingtdeux.com\/blog\/wp-content\/uploads\/2016\/04\/levingtdeux-domaine-clau-de-nell.png","path":"\/opt\/levingtdeux.com\/home\/levingtdeux\/blog\/wp-content\/uploads\/2016\/04\/levingtdeux-domaine-clau-de-nell.png","size":"full","id":515,"alt":"","pixels":550000,"type":"image\/png"}],"twitter_card":"summary_large_image","twitter_misc":{"\u00c9crit par":"vingtdeux-blog","Dur\u00e9e de lecture est.":"3 minutes"},"schema":{"@context":"https:\/\/schema.org","@graph":[{"@type":"WebSite","@id":"https:\/\/www.levingtdeux.com\/blog\/#website","url":"https:\/\/www.levingtdeux.com\/blog\/","name":"Levingtdeux-Blog","description":"Du vin, du vin, mais pas que","potentialAction":[{"@type":"SearchAction","target":{"@type":"EntryPoint","urlTemplate":"https:\/\/www.levingtdeux.com\/blog\/?s={search_term_string}"},"query-input":"required name=search_term_string"}],"inLanguage":"fr-FR"},{"@type":"ImageObject","@id":"https:\/\/www.levingtdeux.com\/blog\/2016\/04\/28\/clau-de-nell-une-merveille-danjou\/#primaryimage","inLanguage":"fr-FR","url":"https:\/\/www.levingtdeux.com\/blog\/wp-content\/uploads\/2016\/04\/levingtdeux-domaine-clau-de-nell.png","contentUrl":"https:\/\/www.levingtdeux.com\/blog\/wp-content\/uploads\/2016\/04\/levingtdeux-domaine-clau-de-nell.png","width":1100,"height":500},{"@type":"WebPage","@id":"https:\/\/www.levingtdeux.com\/blog\/2016\/04\/28\/clau-de-nell-une-merveille-danjou\/#webpage","url":"https:\/\/www.levingtdeux.com\/blog\/2016\/04\/28\/clau-de-nell-une-merveille-danjou\/","name":"Clau de Nell : une merveille d'Anjou - Levingtdeux-Blog","isPartOf":{"@id":"https:\/\/www.levingtdeux.com\/blog\/#website"},"primaryImageOfPage":{"@id":"https:\/\/www.levingtdeux.com\/blog\/2016\/04\/28\/clau-de-nell-une-merveille-danjou\/#primaryimage"},"datePublished":"2016-04-28T09:12:31+00:00","dateModified":"2016-04-28T10:59:55+00:00","author":{"@id":"https:\/\/www.levingtdeux.com\/blog\/#\/schema\/person\/a5c9f4acebe25ce55b30427751338b38"},"breadcrumb":{"@id":"https:\/\/www.levingtdeux.com\/blog\/2016\/04\/28\/clau-de-nell-une-merveille-danjou\/#breadcrumb"},"inLanguage":"fr-FR","potentialAction":[{"@type":"ReadAction","target":["https:\/\/www.levingtdeux.com\/blog\/2016\/04\/28\/clau-de-nell-une-merveille-danjou\/"]}]},{"@type":"BreadcrumbList","@id":"https:\/\/www.levingtdeux.com\/blog\/2016\/04\/28\/clau-de-nell-une-merveille-danjou\/#breadcrumb","itemListElement":[{"@type":"ListItem","position":1,"name":"Accueil","item":"https:\/\/www.levingtdeux.com\/blog\/"},{"@type":"ListItem","position":2,"name":"Clau de Nell : une merveille d&rsquo;Anjou"}]},{"@type":"Person","@id":"https:\/\/www.levingtdeux.com\/blog\/#\/schema\/person\/a5c9f4acebe25ce55b30427751338b38","name":"vingtdeux-blog","image":{"@type":"ImageObject","@id":"https:\/\/www.levingtdeux.com\/blog\/#personlogo","inLanguage":"fr-FR","url":"https:\/\/secure.gravatar.com\/avatar\/0b5e4e051b2d32231957d8f48ad26068?s=96&d=mm&r=g","contentUrl":"https:\/\/secure.gravatar.com\/avatar\/0b5e4e051b2d32231957d8f48ad26068?s=96&d=mm&r=g","caption":"vingtdeux-blog"},"sameAs":["http:\/\/www.levingtdeux.com"],"url":"https:\/\/www.levingtdeux.com\/blog\/author\/vingtdeux-blog\/"}]}},"_links":{"self":[{"href":"https:\/\/www.levingtdeux.com\/blog\/wp-json\/wp\/v2\/posts\/510"}],"collection":[{"href":"https:\/\/www.levingtdeux.com\/blog\/wp-json\/wp\/v2\/posts"}],"about":[{"href":"https:\/\/www.levingtdeux.com\/blog\/wp-json\/wp\/v2\/types\/post"}],"author":[{"embeddable":true,"href":"https:\/\/www.levingtdeux.com\/blog\/wp-json\/wp\/v2\/users\/2"}],"replies":[{"embeddable":true,"href":"https:\/\/www.levingtdeux.com\/blog\/wp-json\/wp\/v2\/comments?post=510"}],"version-history":[{"count":5,"href":"https:\/\/www.levingtdeux.com\/blog\/wp-json\/wp\/v2\/posts\/510\/revisions"}],"predecessor-version":[{"id":520,"href":"https:\/\/www.levingtdeux.com\/blog\/wp-json\/wp\/v2\/posts\/510\/revisions\/520"}],"wp:featuredmedia":[{"embeddable":true,"href":"https:\/\/www.levingtdeux.com\/blog\/wp-json\/wp\/v2\/media\/515"}],"wp:attachment":[{"href":"https:\/\/www.levingtdeux.com\/blog\/wp-json\/wp\/v2\/media?parent=510"}],"wp:term":[{"taxonomy":"category","embeddable":true,"href":"https:\/\/www.levingtdeux.com\/blog\/wp-json\/wp\/v2\/categories?post=510"},{"taxonomy":"post_tag","embeddable":true,"href":"https:\/\/www.levingtdeux.com\/blog\/wp-json\/wp\/v2\/tags?post=510"}],"curies":[{"name":"wp","href":"https:\/\/api.w.org\/{rel}","templated":true}]}}