{"id":537,"date":"2016-05-18T15:24:10","date_gmt":"2016-05-18T14:24:10","guid":{"rendered":"http:\/\/www.levingtdeux.com\/blog\/?p=537"},"modified":"2016-05-18T16:12:57","modified_gmt":"2016-05-18T15:12:57","slug":"art-vin-le-vingt-deux-partenaire-dune-exposition-de-la-y-galerie","status":"publish","type":"post","link":"https:\/\/www.levingtdeux.com\/blog\/2016\/05\/18\/art-vin-le-vingt-deux-partenaire-dune-exposition-de-la-y-galerie\/","title":{"rendered":"Art &#038; Vin: le vingt-deux partenaire d&rsquo;une exposition"},"content":{"rendered":"<h3>le vingt-deux et la Y Galerie vous donne rendez-vous le jeudi 26 mai \u00e0 partir de 18h30 pour le vernissage de l&rsquo;exposition \u00ab\u00a0My Crazy World\u00a0\u00bb de l&rsquo;artiste plasticien Christophe Catelain. En plus de d\u00e9couvrir ses \u0153uvres Pop Art &#8211; Street Art, vous pourrez d\u00e9guster une s\u00e9lection de\u00a0vins du vingt-deux.<\/h3>\n<p>&nbsp;<\/p>\n<p><img loading=\"lazy\" class=\"size-large wp-image-539 aligncenter\" src=\"http:\/\/www.levingtdeux.com\/blog\/wp-content\/uploads\/2016\/05\/Loterie-le-vingt-deux-y-galerie-1024x342.jpg\" alt=\"Loterie-le-vingt-deux-y-galerie\" width=\"810\" height=\"271\" srcset=\"https:\/\/www.levingtdeux.com\/blog\/wp-content\/uploads\/2016\/05\/Loterie-le-vingt-deux-y-galerie-1024x342.jpg 1024w, https:\/\/www.levingtdeux.com\/blog\/wp-content\/uploads\/2016\/05\/Loterie-le-vingt-deux-y-galerie-600x200.jpg 600w, https:\/\/www.levingtdeux.com\/blog\/wp-content\/uploads\/2016\/05\/Loterie-le-vingt-deux-y-galerie-300x100.jpg 300w, https:\/\/www.levingtdeux.com\/blog\/wp-content\/uploads\/2016\/05\/Loterie-le-vingt-deux-y-galerie-768x256.jpg 768w, https:\/\/www.levingtdeux.com\/blog\/wp-content\/uploads\/2016\/05\/Loterie-le-vingt-deux-y-galerie.jpg 1433w\" sizes=\"(max-width: 810px) 100vw, 810px\" \/><\/p>\n<p>&nbsp;<\/p>\n<h3>La Y Galerie et le vingt-deux vous accueillent donc \u00e0 l&rsquo;Espace \u00c9ph\u00e9m\u00e8re, au 38 rue de Malte \u00e0 Paris 11 (m\u00e9tro Oberkampf ou R\u00e9publique).<\/h3>\n<h3>Pour s&rsquo;inscrire sur Facebook, cliquer <a href=\"https:\/\/www.facebook.com\/events\/590961687733160\/\">ici<\/a>.<\/h3>\n","protected":false},"excerpt":{"rendered":"<p>le vingt-deux et la Y Galerie vous donne rendez-vous le jeudi 26 mai \u00e0 partir de 18h30 pour le vernissage de l&rsquo;exposition \u00ab\u00a0My Crazy World\u00a0\u00bb de l&rsquo;artiste plasticien Christophe Catelain. En plus de d\u00e9couvrir ses \u0153uvres Pop Art &#8211; Street&#8230;<\/p>\n","protected":false},"author":2,"featured_media":538,"comment_status":"closed","ping_status":"closed","sticky":false,"template":"","format":"standard","meta":[],"categories":[9],"tags":[144,145,143,146],"yoast_head":"<!-- This site is optimized with the Yoast SEO plugin v16.7 - https:\/\/yoast.com\/wordpress\/plugins\/seo\/ -->\n<meta name=\"robots\" content=\"index, follow, max-snippet:-1, max-image-preview:large, max-video-preview:-1\" \/>\n<link rel=\"canonical\" href=\"https:\/\/www.levingtdeux.com\/blog\/2016\/05\/18\/art-vin-le-vingt-deux-partenaire-dune-exposition-de-la-y-galerie\/\" \/>\n<meta property=\"og:locale\" content=\"fr_FR\" \/>\n<meta property=\"og:type\" content=\"article\" \/>\n<meta property=\"og:title\" content=\"Art &amp; Vin: le vingt-deux partenaire d&#039;une exposition - Levingtdeux-Blog\" \/>\n<meta property=\"og:description\" content=\"le vingt-deux et la Y Galerie vous donne rendez-vous le jeudi 26 mai \u00e0 partir de 18h30 pour le vernissage de l&rsquo;exposition \u00ab\u00a0My Crazy World\u00a0\u00bb de l&rsquo;artiste plasticien Christophe Catelain. En plus de d\u00e9couvrir ses \u0153uvres Pop Art &#8211; Street...\" \/>\n<meta property=\"og:url\" content=\"https:\/\/www.levingtdeux.com\/blog\/2016\/05\/18\/art-vin-le-vingt-deux-partenaire-dune-exposition-de-la-y-galerie\/\" \/>\n<meta property=\"og:site_name\" content=\"Levingtdeux-Blog\" \/>\n<meta property=\"article:published_time\" content=\"2016-05-18T14:24:10+00:00\" \/>\n<meta property=\"article:modified_time\" content=\"2016-05-18T15:12:57+00:00\" \/>\n<meta property=\"og:image\" content=\"http:\/\/www.levingtdeux.com\/blog\/wp-content\/uploads\/2016\/05\/le-vingt-deux-y-galerie-exposition-christophe-catelain.jpg\" \/>\n\t<meta property=\"og:image:width\" content=\"1100\" \/>\n\t<meta property=\"og:image:height\" content=\"490\" \/>\n<meta name=\"twitter:card\" content=\"summary_large_image\" \/>\n<meta name=\"twitter:label1\" content=\"\u00c9crit par\" \/>\n\t<meta name=\"twitter:data1\" content=\"vingtdeux-blog\" \/>\n<script type=\"application\/ld+json\" class=\"yoast-schema-graph\">{\"@context\":\"https:\/\/schema.org\",\"@graph\":[{\"@type\":\"WebSite\",\"@id\":\"https:\/\/www.levingtdeux.com\/blog\/#website\",\"url\":\"https:\/\/www.levingtdeux.com\/blog\/\",\"name\":\"Levingtdeux-Blog\",\"description\":\"Du vin, du vin, mais pas que\",\"potentialAction\":[{\"@type\":\"SearchAction\",\"target\":{\"@type\":\"EntryPoint\",\"urlTemplate\":\"https:\/\/www.levingtdeux.com\/blog\/?s={search_term_string}\"},\"query-input\":\"required name=search_term_string\"}],\"inLanguage\":\"fr-FR\"},{\"@type\":\"ImageObject\",\"@id\":\"https:\/\/www.levingtdeux.com\/blog\/2016\/05\/18\/art-vin-le-vingt-deux-partenaire-dune-exposition-de-la-y-galerie\/#primaryimage\",\"inLanguage\":\"fr-FR\",\"url\":\"https:\/\/www.levingtdeux.com\/blog\/wp-content\/uploads\/2016\/05\/le-vingt-deux-y-galerie-exposition-christophe-catelain.jpg\",\"contentUrl\":\"https:\/\/www.levingtdeux.com\/blog\/wp-content\/uploads\/2016\/05\/le-vingt-deux-y-galerie-exposition-christophe-catelain.jpg\",\"width\":1100,\"height\":490},{\"@type\":\"WebPage\",\"@id\":\"https:\/\/www.levingtdeux.com\/blog\/2016\/05\/18\/art-vin-le-vingt-deux-partenaire-dune-exposition-de-la-y-galerie\/#webpage\",\"url\":\"https:\/\/www.levingtdeux.com\/blog\/2016\/05\/18\/art-vin-le-vingt-deux-partenaire-dune-exposition-de-la-y-galerie\/\",\"name\":\"Art & Vin: le vingt-deux partenaire d'une exposition - Levingtdeux-Blog\",\"isPartOf\":{\"@id\":\"https:\/\/www.levingtdeux.com\/blog\/#website\"},\"primaryImageOfPage\":{\"@id\":\"https:\/\/www.levingtdeux.com\/blog\/2016\/05\/18\/art-vin-le-vingt-deux-partenaire-dune-exposition-de-la-y-galerie\/#primaryimage\"},\"datePublished\":\"2016-05-18T14:24:10+00:00\",\"dateModified\":\"2016-05-18T15:12:57+00:00\",\"author\":{\"@id\":\"https:\/\/www.levingtdeux.com\/blog\/#\/schema\/person\/a5c9f4acebe25ce55b30427751338b38\"},\"breadcrumb\":{\"@id\":\"https:\/\/www.levingtdeux.com\/blog\/2016\/05\/18\/art-vin-le-vingt-deux-partenaire-dune-exposition-de-la-y-galerie\/#breadcrumb\"},\"inLanguage\":\"fr-FR\",\"potentialAction\":[{\"@type\":\"ReadAction\",\"target\":[\"https:\/\/www.levingtdeux.com\/blog\/2016\/05\/18\/art-vin-le-vingt-deux-partenaire-dune-exposition-de-la-y-galerie\/\"]}]},{\"@type\":\"BreadcrumbList\",\"@id\":\"https:\/\/www.levingtdeux.com\/blog\/2016\/05\/18\/art-vin-le-vingt-deux-partenaire-dune-exposition-de-la-y-galerie\/#breadcrumb\",\"itemListElement\":[{\"@type\":\"ListItem\",\"position\":1,\"name\":\"Accueil\",\"item\":\"https:\/\/www.levingtdeux.com\/blog\/\"},{\"@type\":\"ListItem\",\"position\":2,\"name\":\"Art &#038; Vin: le vingt-deux partenaire d&rsquo;une exposition\"}]},{\"@type\":\"Person\",\"@id\":\"https:\/\/www.levingtdeux.com\/blog\/#\/schema\/person\/a5c9f4acebe25ce55b30427751338b38\",\"name\":\"vingtdeux-blog\",\"image\":{\"@type\":\"ImageObject\",\"@id\":\"https:\/\/www.levingtdeux.com\/blog\/#personlogo\",\"inLanguage\":\"fr-FR\",\"url\":\"https:\/\/secure.gravatar.com\/avatar\/0b5e4e051b2d32231957d8f48ad26068?s=96&d=mm&r=g\",\"contentUrl\":\"https:\/\/secure.gravatar.com\/avatar\/0b5e4e051b2d32231957d8f48ad26068?s=96&d=mm&r=g\",\"caption\":\"vingtdeux-blog\"},\"sameAs\":[\"http:\/\/www.levingtdeux.com\"],\"url\":\"https:\/\/www.levingtdeux.com\/blog\/author\/vingtdeux-blog\/\"}]}<\/script>\n<!-- \/ Yoast SEO plugin. -->","yoast_head_json":{"robots":{"index":"index","follow":"follow","max-snippet":"max-snippet:-1","max-image-preview":"max-image-preview:large","max-video-preview":"max-video-preview:-1"},"canonical":"https:\/\/www.levingtdeux.com\/blog\/2016\/05\/18\/art-vin-le-vingt-deux-partenaire-dune-exposition-de-la-y-galerie\/","og_locale":"fr_FR","og_type":"article","og_title":"Art & Vin: le vingt-deux partenaire d'une exposition - Levingtdeux-Blog","og_description":"le vingt-deux et la Y Galerie vous donne rendez-vous le jeudi 26 mai \u00e0 partir de 18h30 pour le vernissage de l&rsquo;exposition \u00ab\u00a0My Crazy World\u00a0\u00bb de l&rsquo;artiste plasticien Christophe Catelain. En plus de d\u00e9couvrir ses \u0153uvres Pop Art &#8211; Street...","og_url":"https:\/\/www.levingtdeux.com\/blog\/2016\/05\/18\/art-vin-le-vingt-deux-partenaire-dune-exposition-de-la-y-galerie\/","og_site_name":"Levingtdeux-Blog","article_published_time":"2016-05-18T14:24:10+00:00","article_modified_time":"2016-05-18T15:12:57+00:00","og_image":[{"width":1100,"height":490,"url":"http:\/\/www.levingtdeux.com\/blog\/wp-content\/uploads\/2016\/05\/le-vingt-deux-y-galerie-exposition-christophe-catelain.jpg","path":"\/opt\/levingtdeux.com\/home\/levingtdeux\/blog\/wp-content\/uploads\/2016\/05\/le-vingt-deux-y-galerie-exposition-christophe-catelain.jpg","size":"full","id":538,"alt":"","pixels":539000,"type":"image\/jpeg"}],"twitter_card":"summary_large_image","twitter_misc":{"\u00c9crit par":"vingtdeux-blog"},"schema":{"@context":"https:\/\/schema.org","@graph":[{"@type":"WebSite","@id":"https:\/\/www.levingtdeux.com\/blog\/#website","url":"https:\/\/www.levingtdeux.com\/blog\/","name":"Levingtdeux-Blog","description":"Du vin, du vin, mais pas que","potentialAction":[{"@type":"SearchAction","target":{"@type":"EntryPoint","urlTemplate":"https:\/\/www.levingtdeux.com\/blog\/?s={search_term_string}"},"query-input":"required name=search_term_string"}],"inLanguage":"fr-FR"},{"@type":"ImageObject","@id":"https:\/\/www.levingtdeux.com\/blog\/2016\/05\/18\/art-vin-le-vingt-deux-partenaire-dune-exposition-de-la-y-galerie\/#primaryimage","inLanguage":"fr-FR","url":"https:\/\/www.levingtdeux.com\/blog\/wp-content\/uploads\/2016\/05\/le-vingt-deux-y-galerie-exposition-christophe-catelain.jpg","contentUrl":"https:\/\/www.levingtdeux.com\/blog\/wp-content\/uploads\/2016\/05\/le-vingt-deux-y-galerie-exposition-christophe-catelain.jpg","width":1100,"height":490},{"@type":"WebPage","@id":"https:\/\/www.levingtdeux.com\/blog\/2016\/05\/18\/art-vin-le-vingt-deux-partenaire-dune-exposition-de-la-y-galerie\/#webpage","url":"https:\/\/www.levingtdeux.com\/blog\/2016\/05\/18\/art-vin-le-vingt-deux-partenaire-dune-exposition-de-la-y-galerie\/","name":"Art & Vin: le vingt-deux partenaire d'une exposition - Levingtdeux-Blog","isPartOf":{"@id":"https:\/\/www.levingtdeux.com\/blog\/#website"},"primaryImageOfPage":{"@id":"https:\/\/www.levingtdeux.com\/blog\/2016\/05\/18\/art-vin-le-vingt-deux-partenaire-dune-exposition-de-la-y-galerie\/#primaryimage"},"datePublished":"2016-05-18T14:24:10+00:00","dateModified":"2016-05-18T15:12:57+00:00","author":{"@id":"https:\/\/www.levingtdeux.com\/blog\/#\/schema\/person\/a5c9f4acebe25ce55b30427751338b38"},"breadcrumb":{"@id":"https:\/\/www.levingtdeux.com\/blog\/2016\/05\/18\/art-vin-le-vingt-deux-partenaire-dune-exposition-de-la-y-galerie\/#breadcrumb"},"inLanguage":"fr-FR","potentialAction":[{"@type":"ReadAction","target":["https:\/\/www.levingtdeux.com\/blog\/2016\/05\/18\/art-vin-le-vingt-deux-partenaire-dune-exposition-de-la-y-galerie\/"]}]},{"@type":"BreadcrumbList","@id":"https:\/\/www.levingtdeux.com\/blog\/2016\/05\/18\/art-vin-le-vingt-deux-partenaire-dune-exposition-de-la-y-galerie\/#breadcrumb","itemListElement":[{"@type":"ListItem","position":1,"name":"Accueil","item":"https:\/\/www.levingtdeux.com\/blog\/"},{"@type":"ListItem","position":2,"name":"Art &#038; Vin: le vingt-deux partenaire d&rsquo;une exposition"}]},{"@type":"Person","@id":"https:\/\/www.levingtdeux.com\/blog\/#\/schema\/person\/a5c9f4acebe25ce55b30427751338b38","name":"vingtdeux-blog","image":{"@type":"ImageObject","@id":"https:\/\/www.levingtdeux.com\/blog\/#personlogo","inLanguage":"fr-FR","url":"https:\/\/secure.gravatar.com\/avatar\/0b5e4e051b2d32231957d8f48ad26068?s=96&d=mm&r=g","contentUrl":"https:\/\/secure.gravatar.com\/avatar\/0b5e4e051b2d32231957d8f48ad26068?s=96&d=mm&r=g","caption":"vingtdeux-blog"},"sameAs":["http:\/\/www.levingtdeux.com"],"url":"https:\/\/www.levingtdeux.com\/blog\/author\/vingtdeux-blog\/"}]}},"_links":{"self":[{"href":"https:\/\/www.levingtdeux.com\/blog\/wp-json\/wp\/v2\/posts\/537"}],"collection":[{"href":"https:\/\/www.levingtdeux.com\/blog\/wp-json\/wp\/v2\/posts"}],"about":[{"href":"https:\/\/www.levingtdeux.com\/blog\/wp-json\/wp\/v2\/types\/post"}],"author":[{"embeddable":true,"href":"https:\/\/www.levingtdeux.com\/blog\/wp-json\/wp\/v2\/users\/2"}],"replies":[{"embeddable":true,"href":"https:\/\/www.levingtdeux.com\/blog\/wp-json\/wp\/v2\/comments?post=537"}],"version-history":[{"count":5,"href":"https:\/\/www.levingtdeux.com\/blog\/wp-json\/wp\/v2\/posts\/537\/revisions"}],"predecessor-version":[{"id":541,"href":"https:\/\/www.levingtdeux.com\/blog\/wp-json\/wp\/v2\/posts\/537\/revisions\/541"}],"wp:featuredmedia":[{"embeddable":true,"href":"https:\/\/www.levingtdeux.com\/blog\/wp-json\/wp\/v2\/media\/538"}],"wp:attachment":[{"href":"https:\/\/www.levingtdeux.com\/blog\/wp-json\/wp\/v2\/media?parent=537"}],"wp:term":[{"taxonomy":"category","embeddable":true,"href":"https:\/\/www.levingtdeux.com\/blog\/wp-json\/wp\/v2\/categories?post=537"},{"taxonomy":"post_tag","embeddable":true,"href":"https:\/\/www.levingtdeux.com\/blog\/wp-json\/wp\/v2\/tags?post=537"}],"curies":[{"name":"wp","href":"https:\/\/api.w.org\/{rel}","templated":true}]}}